{"id":300014,"date":"2024-04-14T10:01:12","date_gmt":"2024-04-14T07:01:12","guid":{"rendered":"https:\/\/sana.sy\/tr\/?p=300014"},"modified":"2024-04-14T10:12:55","modified_gmt":"2024-04-14T07:12:55","slug":"iran-genelkurmay-baskani-tumgeneral-muhammed-bakeri-saldirimiz-sona-erdi-ve-devam-ettirmek-istemiyoruz-ancak-israil-bizim-cikarlarimizi-hedef-alirsa-daha-sert-karsilik-veririz","status":"publish","type":"post","link":"https:\/\/archive.sana.sy\/tr\/?p=300014","title":{"rendered":"\u0130ran Genelkurmay Ba\u015fkan\u0131 T\u00fcmgeneral Muhammed Bakeri: Sald\u0131r\u0131m\u0131z sona erdi ve devam ettirmek istemiyoruz ancak \u0130srail bizim \u00e7\u0131karlar\u0131m\u0131z\u0131 hedef al\u0131rsa daha sert kar\u015f\u0131l\u0131k veririz."},"content":{"rendered":"","protected":false},"excerpt":{"rendered":"","protected":false},"author":39,"featured_media":0,"comment_status":"closed","ping_status":"closed","sticky":false,"template":"","format":"standard","meta":{"footnotes":""},"categories":[1],"tags":[],"class_list":["post-300014","post","type-post","status-publish","format-standard","","category-news-not-sorted"],"_links":{"self":[{"href":"https:\/\/archive.sana.sy\/tr\/index.php?rest_route=\/wp\/v2\/posts\/300014","targetHints":{"allow":["GET"]}}],"collection":[{"href":"https:\/\/archive.sana.sy\/tr\/index.php?rest_route=\/wp\/v2\/posts"}],"about":[{"href":"https:\/\/archive.sana.sy\/tr\/index.php?rest_route=\/wp\/v2\/types\/post"}],"author":[{"embeddable":true,"href":"https:\/\/archive.sana.sy\/tr\/index.php?rest_route=\/wp\/v2\/users\/39"}],"replies":[{"embeddable":true,"href":"https:\/\/archive.sana.sy\/tr\/index.php?rest_route=%2Fwp%2Fv2%2Fcomments&post=300014"}],"version-history":[{"count":1,"href":"https:\/\/archive.sana.sy\/tr\/index.php?rest_route=\/wp\/v2\/posts\/300014\/revisions"}],"predecessor-version":[{"id":300015,"href":"https:\/\/archive.sana.sy\/tr\/index.php?rest_route=\/wp\/v2\/posts\/300014\/revisions\/300015"}],"wp:attachment":[{"href":"https:\/\/archive.sana.sy\/tr\/index.php?rest_route=%2Fwp%2Fv2%2Fmedia&parent=300014"}],"wp:term":[{"taxonomy":"category","embeddable":true,"href":"https:\/\/archive.sana.sy\/tr\/index.php?rest_route=%2Fwp%2Fv2%2Fcategories&post=300014"},{"taxonomy":"post_tag","embeddable":true,"href":"https:\/\/archive.sana.sy\/tr\/index.php?rest_route=%2Fwp%2Fv2%2Ftags&post=300014"}],"curies":[{"name":"wp","href":"https:\/\/api.w.org\/{rel}","templated":true}]}}