{"id":300029,"date":"2024-04-14T12:34:08","date_gmt":"2024-04-14T09:34:08","guid":{"rendered":"https:\/\/sana.sy\/tr\/?p=300029"},"modified":"2024-04-15T12:28:52","modified_gmt":"2024-04-15T09:28:52","slug":"selami-operasyon-beklenenden-daha-basarili-oldu-ve-siyonist-varligin-dersini-almasi-gerekiyor","status":"publish","type":"post","link":"https:\/\/archive.sana.sy\/tr\/?p=300029","title":{"rendered":"Selami: Operasyon Beklenenden Daha Ba\u015far\u0131l\u0131 Oldu"},"content":{"rendered":"<p style=\"text-align: justify;\"><strong>TAHRAN (SANSA) \u2013<\/strong> \u0130ran Devrim Muhaf\u0131zlar\u0131 Ba\u015fkomutan\u0131 T\u00fcmgeneral H\u00fcseyin Selami, \u0130ran&#8217;\u0131n Siyonist varl\u0131\u011fa y\u00f6nelik askeri operasyonunun beklenenden daha ba\u015far\u0131l\u0131 oldu\u011funu, Siyonist varl\u0131\u011f\u0131n ya\u015fananlardan ders almas\u0131 gerekti\u011fini ve yan\u0131t vermesi halinde \u0130ran&#8217;\u0131n bir sonraki operasyonunun kesinlikle \u00e7ok daha b\u00fcy\u00fck olaca\u011f\u0131n\u0131 vurgulad\u0131.<\/p>\n<p style=\"text-align: justify;\">Resmi IRNA ajans\u0131na g\u00f6re Salami, &#8220;Hedefler \u00e7ok kesindi ve Siyonist varl\u0131\u011f\u0131n sald\u0131rganl\u0131\u011f\u0131na paralel olarak s\u0131n\u0131rl\u0131 bir operasyon ger\u00e7ekle\u015ftirildi&#8221; diyerek, &#8220;Geni\u015f bir operasyon ba\u015flatabilirdik ama belirli hedefleri belirledik ve Suriye&#8217;deki konsoloslu\u011fumuzun hedeflenmesinin ba\u015flang\u0131\u00e7 noktas\u0131 olan yerleri vurduk&#8221; ifadelerini s\u00f6zlerine ekledi.<\/p>\n<p style=\"text-align: justify;\">Selami ayr\u0131ca, &#8220;Siyonist varl\u0131kla, \u0130ran topraklar\u0131ndan gelecek herhangi bir sald\u0131r\u0131ya do\u011frudan yan\u0131t verecek yeni bir denklem benimsedik&#8221; s\u00f6zlerini ekledi.<\/p>\n<p style=\"text-align: center;\"><strong><a href=\"https:\/\/t.me\/SuriyeArapHaberAjansI\">Telegram Kanal\u0131m\u0131z\u00a0<\/a>||<a href=\"https:\/\/twitter.com\/arap_ajans\">X Platformumuz\u00a0<\/a>||<a href=\"https:\/\/www.facebook.com\/SANAHaberAjansi\/\">Facebook Sayfam\u0131z<\/a><\/strong><\/p>\n","protected":false},"excerpt":{"rendered":"<p>TAHRAN (SANSA) \u2013 \u0130ran Devrim Muhaf\u0131zlar\u0131 Ba\u015fkomutan\u0131 T\u00fcmgeneral H\u00fcseyin Selami, \u0130ran&#8217;\u0131n Siyonist varl\u0131\u011fa y\u00f6nelik askeri operasyonunun beklenenden daha ba\u015far\u0131l\u0131 oldu\u011funu, Siyonist varl\u0131\u011f\u0131n ya\u015fananlardan ders almas\u0131 gerekti\u011fini ve yan\u0131t vermesi halinde \u0130ran&#8217;\u0131n bir sonraki operasyonunun kesinlikle \u00e7ok daha b\u00fcy\u00fck olaca\u011f\u0131n\u0131 vurgulad\u0131. Resmi IRNA ajans\u0131na g\u00f6re Salami, &#8220;Hedefler \u00e7ok kesindi ve Siyonist varl\u0131\u011f\u0131n sald\u0131rganl\u0131\u011f\u0131na paralel olarak s\u0131n\u0131rl\u0131 &hellip;<\/p>\n","protected":false},"author":39,"featured_media":300030,"comment_status":"closed","ping_status":"closed","sticky":false,"template":"","format":"standard","meta":{"footnotes":""},"categories":[458,459,17988],"tags":[41163,41164],"class_list":["post-300029","post","type-post","status-publish","format-standard","has-post-thumbnail","","category-dunya1","category-haberler-arap-uluslararasi-politika","category-son-haberler","tag-iran-israile-saldirisinin-etkileri","tag-irandan-israile-misilleme"],"_links":{"self":[{"href":"https:\/\/archive.sana.sy\/tr\/index.php?rest_route=\/wp\/v2\/posts\/300029","targetHints":{"allow":["GET"]}}],"collection":[{"href":"https:\/\/archive.sana.sy\/tr\/index.php?rest_route=\/wp\/v2\/posts"}],"about":[{"href":"https:\/\/archive.sana.sy\/tr\/index.php?rest_route=\/wp\/v2\/types\/post"}],"author":[{"embeddable":true,"href":"https:\/\/archive.sana.sy\/tr\/index.php?rest_route=\/wp\/v2\/users\/39"}],"replies":[{"embeddable":true,"href":"https:\/\/archive.sana.sy\/tr\/index.php?rest_route=%2Fwp%2Fv2%2Fcomments&post=300029"}],"version-history":[{"count":3,"href":"https:\/\/archive.sana.sy\/tr\/index.php?rest_route=\/wp\/v2\/posts\/300029\/revisions"}],"predecessor-version":[{"id":300042,"href":"https:\/\/archive.sana.sy\/tr\/index.php?rest_route=\/wp\/v2\/posts\/300029\/revisions\/300042"}],"wp:featuredmedia":[{"embeddable":true,"href":"https:\/\/archive.sana.sy\/tr\/index.php?rest_route=\/wp\/v2\/media\/300030"}],"wp:attachment":[{"href":"https:\/\/archive.sana.sy\/tr\/index.php?rest_route=%2Fwp%2Fv2%2Fmedia&parent=300029"}],"wp:term":[{"taxonomy":"category","embeddable":true,"href":"https:\/\/archive.sana.sy\/tr\/index.php?rest_route=%2Fwp%2Fv2%2Fcategories&post=300029"},{"taxonomy":"post_tag","embeddable":true,"href":"https:\/\/archive.sana.sy\/tr\/index.php?rest_route=%2Fwp%2Fv2%2Ftags&post=300029"}],"curies":[{"name":"wp","href":"https:\/\/api.w.org\/{rel}","templated":true}]}}