{"id":300035,"date":"2024-04-14T13:23:38","date_gmt":"2024-04-14T10:23:38","guid":{"rendered":"https:\/\/sana.sy\/tr\/?p=300035"},"modified":"2024-04-15T12:28:56","modified_gmt":"2024-04-15T09:28:56","slug":"dusman-israil-ucaklari-lubnanin-bazi-bolgelerine-hava-saldirisi-duzenledi","status":"publish","type":"post","link":"https:\/\/archive.sana.sy\/tr\/?p=300035","title":{"rendered":"D\u00fc\u015fman U\u00e7aklar\u0131 L\u00fcbnan&#8217;\u0131n Baz\u0131 B\u00f6lgelerine Hava Sald\u0131rganl\u0131\u011f\u0131 D\u00fczenledi"},"content":{"rendered":"<p style=\"text-align: justify;\"><strong>BEYRUT (SANA)<\/strong> \u2013 \u0130srail d\u00fc\u015fman g\u00fc\u00e7leri bug\u00fcn L\u00fcbnan&#8217;\u0131n g\u00fcneydeki kasaba ve b\u00f6lgelerine y\u00f6nelik sald\u0131rganl\u0131klar\u0131n\u0131 yeniledi.<\/p>\n<p style=\"text-align: justify;\">L\u00fcbnan Ulusal Haber Ajans\u0131, D\u00fc\u015fman \u0130srail u\u00e7aklar\u0131n\u0131n bug\u00fcn \u015fafak vakti bir dizi \u015fiddetli hava sald\u0131r\u0131s\u0131 d\u00fczenledi\u011fini, \u0130klim El T\u00fcffah b\u00f6lgesindeki El Mutenezehet \u00e7evresini ve Cebaa eteklerindeki Delitun b\u00f6lgesini hedef ald\u0131\u011f\u0131n\u0131 bildirdi.<\/p>\n<p style=\"text-align: justify;\">D\u00fc\u015fman u\u00e7a\u011f\u0131n\u0131n att\u0131\u011f\u0131 \u00e7ok say\u0131da a\u011f\u0131r f\u00fczenin patlamas\u0131 b\u00f6lgede b\u00fcy\u00fck sese yol a\u00e7t\u0131 ve Jbaa kasabas\u0131ndaki onlarca ev ve d\u00fckkan\u0131n camlar\u0131n\u0131n k\u0131r\u0131lmas\u0131na neden oldu.<\/p>\n<p style=\"text-align: justify;\">D\u00fc\u015fman u\u00e7aklar\u0131 ayr\u0131ca, Nabi \u015eet kasabas\u0131ndaki bir binay\u0131 hedef alan hava sald\u0131r\u0131s\u0131 d\u00fczenleyerek binay\u0131 tahrip etti.<\/p>\n<p style=\"text-align: center;\"><strong><a href=\"https:\/\/t.me\/SuriyeArapHaberAjansI\">Telegram Kanal\u0131m\u0131z\u00a0<\/a>||<a href=\"https:\/\/twitter.com\/arap_ajans\">X Platformumuz\u00a0<\/a>||<a href=\"https:\/\/www.facebook.com\/SANAHaberAjansi\/\">Facebook Sayfam\u0131z<\/a><\/strong><\/p>\n","protected":false},"excerpt":{"rendered":"<p>BEYRUT (SANA) \u2013 \u0130srail d\u00fc\u015fman g\u00fc\u00e7leri bug\u00fcn L\u00fcbnan&#8217;\u0131n g\u00fcneydeki kasaba ve b\u00f6lgelerine y\u00f6nelik sald\u0131rganl\u0131klar\u0131n\u0131 yeniledi. L\u00fcbnan Ulusal Haber Ajans\u0131, D\u00fc\u015fman \u0130srail u\u00e7aklar\u0131n\u0131n bug\u00fcn \u015fafak vakti bir dizi \u015fiddetli hava sald\u0131r\u0131s\u0131 d\u00fczenledi\u011fini, \u0130klim El T\u00fcffah b\u00f6lgesindeki El Mutenezehet \u00e7evresini ve Cebaa eteklerindeki Delitun b\u00f6lgesini hedef ald\u0131\u011f\u0131n\u0131 bildirdi. D\u00fc\u015fman u\u00e7a\u011f\u0131n\u0131n att\u0131\u011f\u0131 \u00e7ok say\u0131da a\u011f\u0131r f\u00fczenin patlamas\u0131 b\u00f6lgede &hellip;<\/p>\n","protected":false},"author":39,"featured_media":300036,"comment_status":"closed","ping_status":"closed","sticky":false,"template":"","format":"standard","meta":{"footnotes":""},"categories":[458,459,17988],"tags":[41161,41162],"class_list":["post-300035","post","type-post","status-publish","format-standard","has-post-thumbnail","","category-dunya1","category-haberler-arap-uluslararasi-politika","category-son-haberler","tag-dusman-ucaklari-lubnanin-bazi-bolgelerine-hava-saldirganligi-duzenledi","tag-guney-lubnandaki-son-durum"],"_links":{"self":[{"href":"https:\/\/archive.sana.sy\/tr\/index.php?rest_route=\/wp\/v2\/posts\/300035","targetHints":{"allow":["GET"]}}],"collection":[{"href":"https:\/\/archive.sana.sy\/tr\/index.php?rest_route=\/wp\/v2\/posts"}],"about":[{"href":"https:\/\/archive.sana.sy\/tr\/index.php?rest_route=\/wp\/v2\/types\/post"}],"author":[{"embeddable":true,"href":"https:\/\/archive.sana.sy\/tr\/index.php?rest_route=\/wp\/v2\/users\/39"}],"replies":[{"embeddable":true,"href":"https:\/\/archive.sana.sy\/tr\/index.php?rest_route=%2Fwp%2Fv2%2Fcomments&post=300035"}],"version-history":[{"count":3,"href":"https:\/\/archive.sana.sy\/tr\/index.php?rest_route=\/wp\/v2\/posts\/300035\/revisions"}],"predecessor-version":[{"id":300039,"href":"https:\/\/archive.sana.sy\/tr\/index.php?rest_route=\/wp\/v2\/posts\/300035\/revisions\/300039"}],"wp:featuredmedia":[{"embeddable":true,"href":"https:\/\/archive.sana.sy\/tr\/index.php?rest_route=\/wp\/v2\/media\/300036"}],"wp:attachment":[{"href":"https:\/\/archive.sana.sy\/tr\/index.php?rest_route=%2Fwp%2Fv2%2Fmedia&parent=300035"}],"wp:term":[{"taxonomy":"category","embeddable":true,"href":"https:\/\/archive.sana.sy\/tr\/index.php?rest_route=%2Fwp%2Fv2%2Fcategories&post=300035"},{"taxonomy":"post_tag","embeddable":true,"href":"https:\/\/archive.sana.sy\/tr\/index.php?rest_route=%2Fwp%2Fv2%2Ftags&post=300035"}],"curies":[{"name":"wp","href":"https:\/\/api.w.org\/{rel}","templated":true}]}}