{"id":300045,"date":"2024-04-14T16:15:14","date_gmt":"2024-04-14T13:15:14","guid":{"rendered":"https:\/\/sana.sy\/tr\/?p=300045"},"modified":"2024-04-15T12:29:57","modified_gmt":"2024-04-15T09:29:57","slug":"300045","status":"publish","type":"post","link":"https:\/\/archive.sana.sy\/tr\/?p=300045","title":{"rendered":"\u0130srail&#8217;in Gazze \u015eeridi&#8217;nde 191&#8217;inci G\u00fcn\u00fcnde S\u00fcrd\u00fcrd\u00fc\u011f\u00fc Sald\u0131rganl\u0131klarda 33 Bin 729 Ki\u015fi \u015eehit Oldu"},"content":{"rendered":"<p style=\"text-align: justify;\"><strong>\u0130\u015eGAL ED\u0130LEN KUD\u00dcS (SANA) &#8211;<\/strong>\u00a0 Filistin Sa\u011fl\u0131k Bakanl\u0131\u011f\u0131, \u0130srail i\u015fgalinin Gazze \u015eeridi&#8217;ne y\u00f6nelik 7 Ekim&#8217;den bu yana devam eden sald\u0131r\u0131lar\u0131nda hayat\u0131n\u0131 kaybedenlerin say\u0131s\u0131n\u0131n 33 bin 729 \u015fehit ve 76 bin 371 yaral\u0131ya y\u00fckseldi\u011fini duyurdu.<\/p>\n<p style=\"text-align: justify;\">Bakanl\u0131k bug\u00fcn yapt\u0131\u011f\u0131 a\u00e7\u0131klamada,\u00a0 \u0130\u015fgalci son 24 saatte Gazze \u015eeridi&#8217;nde 4 katliam ger\u00e7ekle\u015ftirerek 43 \u015fehit ve 62 yaral\u0131 b\u0131rakt\u0131. B\u00f6ylece 191&#8217;inci g\u00fcnde devam eden sald\u0131r\u0131da \u00f6lenlerin say\u0131s\u0131 33 bin 729 \u015fehit ve 76 bin 371 yaral\u0131ya y\u00fckseldi. Bu arada \u00e7ok say\u0131da ma\u011fdur enkaz alt\u0131nda ve yollarda kal\u0131rken, ambulans ve sivil savunma ekipleri onlara ula\u015fam\u0131yor\u2019\u2019 dedi.<\/p>\n<p style=\"text-align: justify;\">Bug\u00fcn Pazar g\u00fcn\u00fc i\u015fgal u\u00e7a\u011f\u0131n\u0131n Gazze \u015eeridi&#8217;nin kuzeyindeki Beyt Hanun kentinde \u00fc\u00e7 evi bombalamas\u0131 sonucu 8 Filistinli yaraland\u0131.<\/p>\n<p style=\"text-align: justify;\">Sa\u011fl\u0131k ekipleri, Gazze \u015eeridi&#8217;nin merkezindeki Nuseyrat kamp\u0131ndaki bir eve d\u00fczenlenen i\u015fgal sald\u0131r\u0131s\u0131 sonucu \u00e7ok say\u0131da \u015fehidin naa\u015f\u0131na ula\u015fmay\u0131 ba\u015fard\u0131.<\/p>\n<p style=\"text-align: center;\"><strong><a href=\"https:\/\/t.me\/SuriyeArapHaberAjansI\">Telegram Kanal\u0131m\u0131z\u00a0<\/a>||<a href=\"https:\/\/twitter.com\/arap_ajans\">X Platformumuz\u00a0<\/a>||<a href=\"https:\/\/www.facebook.com\/SANAHaberAjansi\/\">Facebook Sayfam\u0131z<\/a><\/strong><\/p>\n","protected":false},"excerpt":{"rendered":"<p>\u0130\u015eGAL ED\u0130LEN KUD\u00dcS (SANA) &#8211;\u00a0 Filistin Sa\u011fl\u0131k Bakanl\u0131\u011f\u0131, \u0130srail i\u015fgalinin Gazze \u015eeridi&#8217;ne y\u00f6nelik 7 Ekim&#8217;den bu yana devam eden sald\u0131r\u0131lar\u0131nda hayat\u0131n\u0131 kaybedenlerin say\u0131s\u0131n\u0131n 33 bin 729 \u015fehit ve 76 bin 371 yaral\u0131ya y\u00fckseldi\u011fini duyurdu. Bakanl\u0131k bug\u00fcn yapt\u0131\u011f\u0131 a\u00e7\u0131klamada,\u00a0 \u0130\u015fgalci son 24 saatte Gazze \u015eeridi&#8217;nde 4 katliam ger\u00e7ekle\u015ftirerek 43 \u015fehit ve 62 yaral\u0131 b\u0131rakt\u0131. B\u00f6ylece 191&#8217;inci &hellip;<\/p>\n","protected":false},"author":41,"featured_media":300048,"comment_status":"closed","ping_status":"closed","sticky":false,"template":"","format":"standard","meta":{"footnotes":""},"categories":[458,459,17988],"tags":[],"class_list":["post-300045","post","type-post","status-publish","format-standard","has-post-thumbnail","","category-dunya1","category-haberler-arap-uluslararasi-politika","category-son-haberler"],"_links":{"self":[{"href":"https:\/\/archive.sana.sy\/tr\/index.php?rest_route=\/wp\/v2\/posts\/300045","targetHints":{"allow":["GET"]}}],"collection":[{"href":"https:\/\/archive.sana.sy\/tr\/index.php?rest_route=\/wp\/v2\/posts"}],"about":[{"href":"https:\/\/archive.sana.sy\/tr\/index.php?rest_route=\/wp\/v2\/types\/post"}],"author":[{"embeddable":true,"href":"https:\/\/archive.sana.sy\/tr\/index.php?rest_route=\/wp\/v2\/users\/41"}],"replies":[{"embeddable":true,"href":"https:\/\/archive.sana.sy\/tr\/index.php?rest_route=%2Fwp%2Fv2%2Fcomments&post=300045"}],"version-history":[{"count":2,"href":"https:\/\/archive.sana.sy\/tr\/index.php?rest_route=\/wp\/v2\/posts\/300045\/revisions"}],"predecessor-version":[{"id":300047,"href":"https:\/\/archive.sana.sy\/tr\/index.php?rest_route=\/wp\/v2\/posts\/300045\/revisions\/300047"}],"wp:featuredmedia":[{"embeddable":true,"href":"https:\/\/archive.sana.sy\/tr\/index.php?rest_route=\/wp\/v2\/media\/300048"}],"wp:attachment":[{"href":"https:\/\/archive.sana.sy\/tr\/index.php?rest_route=%2Fwp%2Fv2%2Fmedia&parent=300045"}],"wp:term":[{"taxonomy":"category","embeddable":true,"href":"https:\/\/archive.sana.sy\/tr\/index.php?rest_route=%2Fwp%2Fv2%2Fcategories&post=300045"},{"taxonomy":"post_tag","embeddable":true,"href":"https:\/\/archive.sana.sy\/tr\/index.php?rest_route=%2Fwp%2Fv2%2Ftags&post=300045"}],"curies":[{"name":"wp","href":"https:\/\/api.w.org\/{rel}","templated":true}]}}