{"id":300051,"date":"2024-04-14T16:02:48","date_gmt":"2024-04-14T13:02:48","guid":{"rendered":"https:\/\/sana.sy\/tr\/?p=300051"},"modified":"2024-04-15T12:29:11","modified_gmt":"2024-04-15T09:29:11","slug":"reisi-israile-yonelik-askeri-operasyon-iranin-egemenligini-savunma-hakkidir","status":"publish","type":"post","link":"https:\/\/archive.sana.sy\/tr\/?p=300051","title":{"rendered":"Reisi: \u201c\u0130srail\u201de Y\u00f6nelik Askeri Operasyon \u0130ran&#8217;\u0131n Egemenli\u011fini Savunma Hakk\u0131d\u0131r"},"content":{"rendered":"<p style=\"text-align: justify;\"><strong>TAHRAN (SANA) &#8211;<\/strong>\u00a0 \u0130ran Cumhurba\u015fkan\u0131 \u0130brahim Reisi bug\u00fcn, d\u00fcn gece \u0130srail i\u015fgaline kar\u015f\u0131 d\u00fczenlenen askeri operasyonun Siyonist sald\u0131r\u0131lara kar\u015f\u0131 do\u011fal bir tepki oldu\u011funu ve \u00fclkenin egemenli\u011finin ve ulusal \u00e7\u0131karlar\u0131n\u0131n savunulmas\u0131 ve b\u00f6lgesel g\u00fcvenli\u011fin art\u0131r\u0131lmas\u0131 \u00e7er\u00e7evesinde ger\u00e7ekle\u015fti\u011fini do\u011frulad\u0131.<\/p>\n<p style=\"text-align: justify;\">Reisi bug\u00fcn yapt\u0131\u011f\u0131 a\u00e7\u0131klamada, \u2018\u2019\u0130ran Devrim Muhaf\u0131zlar\u0131, \u00fclkedeki t\u00fcm savunma ve siyasi birimlerle i\u015fbirli\u011fi ve koordinasyon i\u00e7inde, \u0130ran&#8217;\u0131n b\u00fcy\u00fckl\u00fck tarihinde yeni bir sayfa a\u00e7t\u0131 ve Siyonist d\u00fc\u015fmana unutamayaca\u011f\u0131 bir ders verdi\u2019\u2019 diyerek,\u00a0 &#8220;\u0130ran&#8217;da d\u00fcnk\u00fc operasyon, \u00fclkenin egemenli\u011fini ve ulusal \u00e7\u0131karlar\u0131n\u0131 savunmak, d\u00fc\u015fmanlar\u0131 cezaland\u0131rmak ve b\u00f6lgesel g\u00fcvenli\u011fi art\u0131rmak \u00e7er\u00e7evesinde ger\u00e7ekle\u015fti&#8221; ifadelerini kulland\u0131.<\/p>\n<p style=\"text-align: justify;\">Reisi ayr\u0131ca, \u0130ran Silahl\u0131 Kuvvetlerinin b\u00f6lgedeki geli\u015fmeleri ve hareketleri yak\u0131ndan takip etti\u011fini, Siyonist olu\u015fum veya destek\u00e7ilerinin pervas\u0131z bir davran\u0131\u015fta bulunmas\u0131 halinde daha kararl\u0131 ve sert bir kar\u015f\u0131l\u0131k alacaklar\u0131n\u0131 da vurgulad\u0131.<\/p>\n<p style=\"text-align: justify;\">Cumhurba\u015fkan\u0131 Re\u015fisi a\u00e7\u0131klamas\u0131nda da, \u2018\u2019Ge\u00e7ti\u011fimiz aylarda \u00fclkesi, uluslararas\u0131 toplumun dikkatini BM G\u00fcvenlik Konseyi&#8217;nin eylemsizli\u011finden ve Siyonist varl\u0131\u011f\u0131n devam eden ihlallerinden kaynaklanan \u00f6l\u00fcmc\u00fcl tehlikelere \u00e7ekmek i\u00e7in t\u00fcm b\u00f6lgesel ve uluslararas\u0131 ara\u00e7lar\u0131 kulland\u0131. Ancak Konsey, ABD&#8217;nin etkisi ve n\u00fcfuzu nedeniyle bu ihlale ili\u015fkin g\u00f6revlerini yerine getiremedi\u2019\u2019 ifadelerini s\u00f6zlerine ekledi.<\/p>\n<p style=\"text-align: center;\"><strong><a href=\"https:\/\/t.me\/SuriyeArapHaberAjansI\">Telegram Kanal\u0131m\u0131z\u00a0<\/a>||<a href=\"https:\/\/twitter.com\/arap_ajans\">X Platformumuz\u00a0<\/a>||<a href=\"https:\/\/www.facebook.com\/SANAHaberAjansi\/\">Facebook Sayfam\u0131z<\/a><\/strong><\/p>\n","protected":false},"excerpt":{"rendered":"<p>TAHRAN (SANA) &#8211;\u00a0 \u0130ran Cumhurba\u015fkan\u0131 \u0130brahim Reisi bug\u00fcn, d\u00fcn gece \u0130srail i\u015fgaline kar\u015f\u0131 d\u00fczenlenen askeri operasyonun Siyonist sald\u0131r\u0131lara kar\u015f\u0131 do\u011fal bir tepki oldu\u011funu ve \u00fclkenin egemenli\u011finin ve ulusal \u00e7\u0131karlar\u0131n\u0131n savunulmas\u0131 ve b\u00f6lgesel g\u00fcvenli\u011fin art\u0131r\u0131lmas\u0131 \u00e7er\u00e7evesinde ger\u00e7ekle\u015fti\u011fini do\u011frulad\u0131. Reisi bug\u00fcn yapt\u0131\u011f\u0131 a\u00e7\u0131klamada, \u2018\u2019\u0130ran Devrim Muhaf\u0131zlar\u0131, \u00fclkedeki t\u00fcm savunma ve siyasi birimlerle i\u015fbirli\u011fi ve koordinasyon i\u00e7inde, \u0130ran&#8217;\u0131n &hellip;<\/p>\n","protected":false},"author":41,"featured_media":300052,"comment_status":"closed","ping_status":"closed","sticky":false,"template":"","format":"standard","meta":{"footnotes":""},"categories":[458,459,17988],"tags":[41164,41166],"class_list":["post-300051","post","type-post","status-publish","format-standard","has-post-thumbnail","","category-dunya1","category-haberler-arap-uluslararasi-politika","category-son-haberler","tag-irandan-israile-misilleme","tag-reisi-israile-yonelik-askeri-operasyon-iranin-egemenligini-savunma-hakkidir"],"_links":{"self":[{"href":"https:\/\/archive.sana.sy\/tr\/index.php?rest_route=\/wp\/v2\/posts\/300051","targetHints":{"allow":["GET"]}}],"collection":[{"href":"https:\/\/archive.sana.sy\/tr\/index.php?rest_route=\/wp\/v2\/posts"}],"about":[{"href":"https:\/\/archive.sana.sy\/tr\/index.php?rest_route=\/wp\/v2\/types\/post"}],"author":[{"embeddable":true,"href":"https:\/\/archive.sana.sy\/tr\/index.php?rest_route=\/wp\/v2\/users\/41"}],"replies":[{"embeddable":true,"href":"https:\/\/archive.sana.sy\/tr\/index.php?rest_route=%2Fwp%2Fv2%2Fcomments&post=300051"}],"version-history":[{"count":1,"href":"https:\/\/archive.sana.sy\/tr\/index.php?rest_route=\/wp\/v2\/posts\/300051\/revisions"}],"predecessor-version":[{"id":300053,"href":"https:\/\/archive.sana.sy\/tr\/index.php?rest_route=\/wp\/v2\/posts\/300051\/revisions\/300053"}],"wp:featuredmedia":[{"embeddable":true,"href":"https:\/\/archive.sana.sy\/tr\/index.php?rest_route=\/wp\/v2\/media\/300052"}],"wp:attachment":[{"href":"https:\/\/archive.sana.sy\/tr\/index.php?rest_route=%2Fwp%2Fv2%2Fmedia&parent=300051"}],"wp:term":[{"taxonomy":"category","embeddable":true,"href":"https:\/\/archive.sana.sy\/tr\/index.php?rest_route=%2Fwp%2Fv2%2Fcategories&post=300051"},{"taxonomy":"post_tag","embeddable":true,"href":"https:\/\/archive.sana.sy\/tr\/index.php?rest_route=%2Fwp%2Fv2%2Ftags&post=300051"}],"curies":[{"name":"wp","href":"https:\/\/api.w.org\/{rel}","templated":true}]}}