{"id":300065,"date":"2024-04-14T10:12:11","date_gmt":"2024-04-14T07:12:11","guid":{"rendered":"https:\/\/sana.sy\/tr\/?p=300065"},"modified":"2024-04-15T12:28:44","modified_gmt":"2024-04-15T09:28:44","slug":"rusya-filistinin-birlesmis-milletlere-tam-uyeligini-destekliyoruz","status":"publish","type":"post","link":"https:\/\/archive.sana.sy\/tr\/?p=300065","title":{"rendered":"Rusya: Filistin&#8217;in Birle\u015fmi\u015f Milletler&#8217;e Tam \u00dcyeli\u011fini Destekliyoruz"},"content":{"rendered":"<p style=\"text-align: justify;\"><strong>CEZAY\u0130R (SANA) &#8211;<\/strong>\u00a0 Rusya, Filistin&#8217;in Birle\u015fmi\u015f Milletler&#8217;e tam \u00fcyeli\u011fine deste\u011fini yineledi.<\/p>\n<p style=\"text-align: justify;\">Rusya D\u0131\u015fi\u015fleri Bakanl\u0131\u011f\u0131ndan bug\u00fcn yap\u0131lan a\u00e7\u0131klamada, Rusya D\u0131\u015fi\u015fleri Bakan Yard\u0131mc\u0131s\u0131 Mihail Bogdanov&#8217;un Filistin Ba\u015fbakan\u0131 Muhammed Mustafa ile Cezayir&#8217;de g\u00f6r\u00fc\u015fmesine ili\u015fkin \u015fu ifadelere yer verildi: &#8220;Rusya taraf\u0131, Filistin&#8217;in Birle\u015fmi\u015f Milletler&#8217;e tam \u00fcyelik ba\u015fvurusunu destekleyen sa\u011flam ve ilkeli tutumunu do\u011frulad\u0131.&#8221;<\/p>\n<p style=\"text-align: center;\"><strong><a href=\"https:\/\/t.me\/SuriyeArapHaberAjansI\">Telegram Kanal\u0131m\u0131z\u00a0<\/a>||<a href=\"https:\/\/twitter.com\/arap_ajans\">X Platformumuz\u00a0<\/a>||<a href=\"https:\/\/www.facebook.com\/SANAHaberAjansi\/\">Facebook Sayfam\u0131z<\/a><\/strong><\/p>\n","protected":false},"excerpt":{"rendered":"<p>CEZAY\u0130R (SANA) &#8211;\u00a0 Rusya, Filistin&#8217;in Birle\u015fmi\u015f Milletler&#8217;e tam \u00fcyeli\u011fine deste\u011fini yineledi. Rusya D\u0131\u015fi\u015fleri Bakanl\u0131\u011f\u0131ndan bug\u00fcn yap\u0131lan a\u00e7\u0131klamada, Rusya D\u0131\u015fi\u015fleri Bakan Yard\u0131mc\u0131s\u0131 Mihail Bogdanov&#8217;un Filistin Ba\u015fbakan\u0131 Muhammed Mustafa ile Cezayir&#8217;de g\u00f6r\u00fc\u015fmesine ili\u015fkin \u015fu ifadelere yer verildi: &#8220;Rusya taraf\u0131, Filistin&#8217;in Birle\u015fmi\u015f Milletler&#8217;e tam \u00fcyelik ba\u015fvurusunu destekleyen sa\u011flam ve ilkeli tutumunu do\u011frulad\u0131.&#8221; Telegram Kanal\u0131m\u0131z\u00a0||X Platformumuz\u00a0||Facebook Sayfam\u0131z<\/p>\n","protected":false},"author":41,"featured_media":300066,"comment_status":"closed","ping_status":"closed","sticky":false,"template":"","format":"standard","meta":{"footnotes":""},"categories":[458,459,17988],"tags":[41169],"class_list":["post-300065","post","type-post","status-publish","format-standard","has-post-thumbnail","","category-dunya1","category-haberler-arap-uluslararasi-politika","category-son-haberler","tag-rusya-filistinin-birlesmis-milletlere-tam-uyeligini-destekliyoruz"],"_links":{"self":[{"href":"https:\/\/archive.sana.sy\/tr\/index.php?rest_route=\/wp\/v2\/posts\/300065","targetHints":{"allow":["GET"]}}],"collection":[{"href":"https:\/\/archive.sana.sy\/tr\/index.php?rest_route=\/wp\/v2\/posts"}],"about":[{"href":"https:\/\/archive.sana.sy\/tr\/index.php?rest_route=\/wp\/v2\/types\/post"}],"author":[{"embeddable":true,"href":"https:\/\/archive.sana.sy\/tr\/index.php?rest_route=\/wp\/v2\/users\/41"}],"replies":[{"embeddable":true,"href":"https:\/\/archive.sana.sy\/tr\/index.php?rest_route=%2Fwp%2Fv2%2Fcomments&post=300065"}],"version-history":[{"count":1,"href":"https:\/\/archive.sana.sy\/tr\/index.php?rest_route=\/wp\/v2\/posts\/300065\/revisions"}],"predecessor-version":[{"id":300067,"href":"https:\/\/archive.sana.sy\/tr\/index.php?rest_route=\/wp\/v2\/posts\/300065\/revisions\/300067"}],"wp:featuredmedia":[{"embeddable":true,"href":"https:\/\/archive.sana.sy\/tr\/index.php?rest_route=\/wp\/v2\/media\/300066"}],"wp:attachment":[{"href":"https:\/\/archive.sana.sy\/tr\/index.php?rest_route=%2Fwp%2Fv2%2Fmedia&parent=300065"}],"wp:term":[{"taxonomy":"category","embeddable":true,"href":"https:\/\/archive.sana.sy\/tr\/index.php?rest_route=%2Fwp%2Fv2%2Fcategories&post=300065"},{"taxonomy":"post_tag","embeddable":true,"href":"https:\/\/archive.sana.sy\/tr\/index.php?rest_route=%2Fwp%2Fv2%2Ftags&post=300065"}],"curies":[{"name":"wp","href":"https:\/\/api.w.org\/{rel}","templated":true}]}}