{"id":300271,"date":"2024-04-19T08:58:19","date_gmt":"2024-04-19T05:58:19","guid":{"rendered":"https:\/\/sana.sy\/tr\/?p=300271"},"modified":"2024-04-22T10:40:31","modified_gmt":"2024-04-22T07:40:31","slug":"filistin-vasingtonun-birlesmis-milletlere-tam-uyeligine-karsi-veto-kullanmasini-kinadi","status":"publish","type":"post","link":"https:\/\/archive.sana.sy\/tr\/?p=300271","title":{"rendered":"Filistin, Va\u015fington&#8217;un Birle\u015fmi\u015f Milletler&#8217;e Tam \u00dcyeli\u011fine Kar\u015f\u0131 Veto Kullanmas\u0131n\u0131 K\u0131nad\u0131"},"content":{"rendered":"<p style=\"text-align: justify;\"><strong>\u0130\u015eGAL ED\u0130LEN KUD\u00dcS (SANA)<\/strong> &#8211; Bug\u00fcn Filistin ba\u015fkanl\u0131\u011f\u0131, ABD&#8217;nin, Filistin Devleti&#8217;nin Birle\u015fmi\u015f Milletler&#8217;e tam \u00fcye olmas\u0131n\u0131 engellemek i\u00e7in BM G\u00fcvenlik Konseyi&#8217;nde &#8220;veto&#8221; kullanmas\u0131n\u0131 en g\u00fc\u00e7l\u00fc ifadelerle k\u0131nad\u0131.<\/p>\n<p style=\"text-align: justify;\">WAFA Haber Ajans\u0131, &#8221;Ba\u015fkanl\u0131k, Amerikan &#8220;vetosunun&#8221;, Filistin&#8217;in Birle\u015fmi\u015f Milletler&#8217;e tam \u00fcye olmas\u0131n\u0131 g\u00fc\u00e7l\u00fc bir \u015fekilde destekleyen uluslararas\u0131 toplumun iradesine ayk\u0131r\u0131 oldu\u011funu do\u011frulad\u0131. D\u00fcnya \u00fclkelerinin \u00e7o\u011funlu\u011fu, Genel Kurul&#8217;un Filistin&#8217;in g\u00f6zlemci olarak \u00fcyeli\u011fini kabul etti\u011fi 2012 y\u0131l\u0131ndan bu yana Filistin devletini tan\u0131d\u0131&#8221; dedi.<\/p>\n<p style=\"text-align: justify;\">Filistin ba\u015fkanl\u0131\u011f\u0131, Amerika&#8217;n\u0131n Filistin&#8217;e y\u00f6nelik bu sald\u0131rgan politikas\u0131n\u0131n, uluslararas\u0131 hukuka kar\u015f\u0131 bariz bir sald\u0131rganl\u0131k te\u015fkil etti\u011fine ve \u0130srail i\u015fgalinin Filistin halk\u0131na kar\u015f\u0131 y\u00fcr\u00fctt\u00fc\u011f\u00fc soyk\u0131r\u0131m sava\u015f\u0131n\u0131n ve sava\u015f su\u00e7lar\u0131n\u0131n devam\u0131n\u0131 te\u015fvik etti\u011fine dikkat \u00e7ekerek, b\u00f6lgede ve d\u00fcnyada g\u00fcvenlik ve istikrar\u0131n sa\u011flanmas\u0131n\u0131n, uluslararas\u0131 me\u015fruiyet kararlar\u0131n\u0131n uygulanmas\u0131na, \u0130srail&#8217;in Filistin Devleti topraklar\u0131ndaki i\u015fgaline son verilmesine ve Filistin halk\u0131n\u0131n me\u015fru haklar\u0131n\u0131n tan\u0131nmas\u0131na ba\u011fl\u0131 oldu\u011funu kaydetti.<\/p>\n<p style=\"text-align: justify;\">Filistin ba\u015fkanl\u0131\u011f\u0131 ayr\u0131ca, Filistin Devleti&#8217;nin Birle\u015fmi\u015f Milletler&#8217;e tam \u00fcye olmas\u0131 y\u00f6n\u00fcnde oy kullanan \u00fcye devletlere te\u015fekk\u00fcr ederken, bu oylaman\u0131n, d\u00fcnyan\u0131n Filistin davas\u0131n\u0131n temsil etti\u011fi hakikat, adalet ve \u00f6zg\u00fcrl\u00fck de\u011ferlerinin arkas\u0131nda ve i\u015fgalin su\u00e7lar\u0131na kar\u015f\u0131 birle\u015fti\u011finin kan\u0131t\u0131 oldu\u011funa i\u015faret etti.<\/p>\n<p style=\"text-align: center;\"><strong><a href=\"https:\/\/t.me\/SuriyeArapHaberAjansI\">Telegram Kanal\u0131m\u0131z\u00a0<\/a>||<a href=\"https:\/\/twitter.com\/arap_ajans\">X Platformumuz\u00a0<\/a>||<a href=\"https:\/\/www.facebook.com\/SANAHaberAjansi\/\">Facebook Sayfam\u0131z<\/a><\/strong><\/p>\n","protected":false},"excerpt":{"rendered":"<p>\u0130\u015eGAL ED\u0130LEN KUD\u00dcS (SANA) &#8211; Bug\u00fcn Filistin ba\u015fkanl\u0131\u011f\u0131, ABD&#8217;nin, Filistin Devleti&#8217;nin Birle\u015fmi\u015f Milletler&#8217;e tam \u00fcye olmas\u0131n\u0131 engellemek i\u00e7in BM G\u00fcvenlik Konseyi&#8217;nde &#8220;veto&#8221; kullanmas\u0131n\u0131 en g\u00fc\u00e7l\u00fc ifadelerle k\u0131nad\u0131. WAFA Haber Ajans\u0131, &#8221;Ba\u015fkanl\u0131k, Amerikan &#8220;vetosunun&#8221;, Filistin&#8217;in Birle\u015fmi\u015f Milletler&#8217;e tam \u00fcye olmas\u0131n\u0131 g\u00fc\u00e7l\u00fc bir \u015fekilde destekleyen uluslararas\u0131 toplumun iradesine ayk\u0131r\u0131 oldu\u011funu do\u011frulad\u0131. D\u00fcnya \u00fclkelerinin \u00e7o\u011funlu\u011fu, Genel Kurul&#8217;un Filistin&#8217;in &hellip;<\/p>\n","protected":false},"author":36,"featured_media":300272,"comment_status":"closed","ping_status":"closed","sticky":false,"template":"","format":"standard","meta":{"footnotes":""},"categories":[458,459,17988],"tags":[],"class_list":["post-300271","post","type-post","status-publish","format-standard","has-post-thumbnail","","category-dunya1","category-haberler-arap-uluslararasi-politika","category-son-haberler"],"_links":{"self":[{"href":"https:\/\/archive.sana.sy\/tr\/index.php?rest_route=\/wp\/v2\/posts\/300271","targetHints":{"allow":["GET"]}}],"collection":[{"href":"https:\/\/archive.sana.sy\/tr\/index.php?rest_route=\/wp\/v2\/posts"}],"about":[{"href":"https:\/\/archive.sana.sy\/tr\/index.php?rest_route=\/wp\/v2\/types\/post"}],"author":[{"embeddable":true,"href":"https:\/\/archive.sana.sy\/tr\/index.php?rest_route=\/wp\/v2\/users\/36"}],"replies":[{"embeddable":true,"href":"https:\/\/archive.sana.sy\/tr\/index.php?rest_route=%2Fwp%2Fv2%2Fcomments&post=300271"}],"version-history":[{"count":3,"href":"https:\/\/archive.sana.sy\/tr\/index.php?rest_route=\/wp\/v2\/posts\/300271\/revisions"}],"predecessor-version":[{"id":300467,"href":"https:\/\/archive.sana.sy\/tr\/index.php?rest_route=\/wp\/v2\/posts\/300271\/revisions\/300467"}],"wp:featuredmedia":[{"embeddable":true,"href":"https:\/\/archive.sana.sy\/tr\/index.php?rest_route=\/wp\/v2\/media\/300272"}],"wp:attachment":[{"href":"https:\/\/archive.sana.sy\/tr\/index.php?rest_route=%2Fwp%2Fv2%2Fmedia&parent=300271"}],"wp:term":[{"taxonomy":"category","embeddable":true,"href":"https:\/\/archive.sana.sy\/tr\/index.php?rest_route=%2Fwp%2Fv2%2Fcategories&post=300271"},{"taxonomy":"post_tag","embeddable":true,"href":"https:\/\/archive.sana.sy\/tr\/index.php?rest_route=%2Fwp%2Fv2%2Ftags&post=300271"}],"curies":[{"name":"wp","href":"https:\/\/api.w.org\/{rel}","templated":true}]}}