{"id":300445,"date":"2024-04-21T06:13:06","date_gmt":"2024-04-21T03:13:06","guid":{"rendered":"https:\/\/sana.sy\/tr\/?p=300445"},"modified":"2024-04-25T08:09:36","modified_gmt":"2024-04-25T05:09:36","slug":"rusyadaki-suriyeli-topluluk-kurtulus-gununu-andi","status":"publish","type":"post","link":"https:\/\/archive.sana.sy\/tr\/?p=300445","title":{"rendered":"Rusya&#8217;daki Suriyeli Topluluk Kurtulu\u015f G\u00fcn\u00fc&#8217;n\u00fc And\u0131"},"content":{"rendered":"<p style=\"text-align: justify;\"><strong>MOSKOVA (SANA)<\/strong> &#8211; Bug\u00fcn Moskova&#8217;daki Suriye B\u00fcy\u00fckel\u00e7ili\u011fi, Suriye Arap Toplumu Derne\u011fi, Suriyeli \u00d6\u011frenciler Ulusal Birli\u011fi \u015fubesi ve Rusya Federasyonu&#8217;ndaki Arap Sosyalist Baas Partisi \u00d6rg\u00fct\u00fc, Moskova&#8217;daki b\u00fcy\u00fckel\u00e7ilik merkezinde d\u00fczenlenen kutlamayla Kurtulu\u015f G\u00fcn\u00fc&#8217;n\u00fc and\u0131.<\/p>\n<p style=\"text-align: justify;\">Suriye&#8217;nin Rusya Federasyonu B\u00fcy\u00fckel\u00e7isi Be\u015f\u015far Caferi, kutlama s\u0131ras\u0131nda yapt\u0131\u011f\u0131 konu\u015fmada, ba\u011f\u0131ms\u0131zl\u0131\u011f\u0131n, Frans\u0131z s\u00f6m\u00fcrgecilerin geri \u00e7ekilme kar\u015f\u0131l\u0131\u011f\u0131nda herhangi bir kazan\u00e7 elde etmesine izin vermeyen askeri ve siyasi bir ba\u015far\u0131 oldu\u011funu vurgulayarak, bu ba\u011f\u0131ms\u0131zl\u0131\u011f\u0131n bedelinin, i\u015fgal g\u00fc\u00e7lerini hi\u00e7bir taviz vermeden topraklar\u0131ndan tamamen s\u00fcren Suriye halk\u0131n\u0131n m\u00fccadelesi oldu\u011funu anlatt\u0131.<\/p>\n<p style=\"text-align: justify;\">Caferi ayr\u0131ca, Suriye&#8217;nin, ikili ili\u015fkilerin bug\u00fcn Be\u015far Esad ve Vladimir Putin d\u00f6neminde zirveye ula\u015fana kadar her \u00f6nemli durumda Rus dostlar\u0131na olan iyili\u011finin kar\u015f\u0131l\u0131\u011f\u0131n\u0131 vermekten \u00e7ekinmedi\u011fini a\u00e7\u0131klad\u0131.<\/p>\n<p style=\"text-align: justify;\">Buna kar\u015f\u0131l\u0131k Filistin&#8217;in Moskova B\u00fcy\u00fckel\u00e7isi Abdulhafiz Nofal da bu vesileyle Suriye liderli\u011fini ve halk\u0131n\u0131 tebrik ederek, Suriye&#8217;nin Filistin ve halk\u0131 i\u00e7in \u00e7ok \u015fey ifade etti\u011fini ve Filistin&#8217;e yard\u0131m etmek i\u00e7in \u00e7ok \u00f6nemli bir destekleyici durum olu\u015fturdu\u011funu ve sonsuza dek kalaca\u011f\u0131n\u0131 ve insanlar\u0131na kar\u015f\u0131 kar\u015f\u0131ya oldu\u011fu zorluklara kar\u015f\u0131 zafer diledi\u011fini vurgulad\u0131.<\/p>\n<p style=\"text-align: justify;\">Kutlamaya Rusya&#8217;daki Suriyeli cemaat mensuplar\u0131 ve Rus dostlar\u0131 kat\u0131larak, Tahliyenin Suriye&#8217;deki zaferin ve gururlu Suriye Arap Ordusu&#8217;nun kahramanl\u0131\u011f\u0131n\u0131n ve fedakarl\u0131\u011f\u0131n\u0131n bir uzant\u0131s\u0131 olarak kalaca\u011f\u0131n\u0131 vurgulad\u0131lar.<\/p>\n<div id='gallery-1' class='gallery galleryid-300445 gallery-columns-2 gallery-size-medium'><figure class='gallery-item'>\n\t\t\t<div class='gallery-icon landscape'>\n\t\t\t\t<a href='https:\/\/archive.sana.sy\/tr\/?attachment_id=300447'><img loading=\"lazy\" decoding=\"async\" width=\"300\" height=\"170\" src=\"https:\/\/archive.sana.sy\/tr\/wp-content\/uploads\/2024\/04\/8-14-300x170.jpg\" class=\"attachment-medium size-medium\" alt=\"\" srcset=\"https:\/\/archive.sana.sy\/tr\/wp-content\/uploads\/2024\/04\/8-14-300x170.jpg 300w, https:\/\/archive.sana.sy\/tr\/wp-content\/uploads\/2024\/04\/8-14.jpg 660w\" sizes=\"auto, (max-width: 300px) 100vw, 300px\" \/><\/a>\n\t\t\t<\/div><\/figure><figure class='gallery-item'>\n\t\t\t<div class='gallery-icon landscape'>\n\t\t\t\t<a href='https:\/\/archive.sana.sy\/tr\/?attachment_id=300448'><img loading=\"lazy\" decoding=\"async\" width=\"300\" height=\"169\" src=\"https:\/\/archive.sana.sy\/tr\/wp-content\/uploads\/2024\/04\/1-38-300x169.jpg\" class=\"attachment-medium size-medium\" alt=\"\" srcset=\"https:\/\/archive.sana.sy\/tr\/wp-content\/uploads\/2024\/04\/1-38-300x169.jpg 300w, https:\/\/archive.sana.sy\/tr\/wp-content\/uploads\/2024\/04\/1-38.jpg 660w\" sizes=\"auto, (max-width: 300px) 100vw, 300px\" \/><\/a>\n\t\t\t<\/div><\/figure>\n\t\t<\/div>\n\n<p style=\"text-align: center;\"><strong><a href=\"https:\/\/t.me\/SuriyeArapHaberAjansI\">Telegram Kanal\u0131m\u0131z\u00a0<\/a>||<a href=\"https:\/\/twitter.com\/arap_ajans\">X Platformumuz\u00a0<\/a>||<a href=\"https:\/\/www.facebook.com\/SANAHaberAjansi\/\">Facebook Sayfam\u0131z<\/a><\/strong><\/p>\n<p>&nbsp;<\/p>\n<p>&nbsp;<\/p>\n","protected":false},"excerpt":{"rendered":"<p>MOSKOVA (SANA) &#8211; Bug\u00fcn Moskova&#8217;daki Suriye B\u00fcy\u00fckel\u00e7ili\u011fi, Suriye Arap Toplumu Derne\u011fi, Suriyeli \u00d6\u011frenciler Ulusal Birli\u011fi \u015fubesi ve Rusya Federasyonu&#8217;ndaki Arap Sosyalist Baas Partisi \u00d6rg\u00fct\u00fc, Moskova&#8217;daki b\u00fcy\u00fckel\u00e7ilik merkezinde d\u00fczenlenen kutlamayla Kurtulu\u015f G\u00fcn\u00fc&#8217;n\u00fc and\u0131. Suriye&#8217;nin Rusya Federasyonu B\u00fcy\u00fckel\u00e7isi Be\u015f\u015far Caferi, kutlama s\u0131ras\u0131nda yapt\u0131\u011f\u0131 konu\u015fmada, ba\u011f\u0131ms\u0131zl\u0131\u011f\u0131n, Frans\u0131z s\u00f6m\u00fcrgecilerin geri \u00e7ekilme kar\u015f\u0131l\u0131\u011f\u0131nda herhangi bir kazan\u00e7 elde etmesine izin vermeyen &hellip;<\/p>\n","protected":false},"author":41,"featured_media":300446,"comment_status":"closed","ping_status":"closed","sticky":false,"template":"","format":"standard","meta":{"footnotes":""},"categories":[458,459,17988],"tags":[41227],"class_list":["post-300445","post","type-post","status-publish","format-standard","has-post-thumbnail","","category-dunya1","category-haberler-arap-uluslararasi-politika","category-son-haberler","tag-rusyadaki-suriyeli-topluluk-kurtulus-gununu-andi"],"_links":{"self":[{"href":"https:\/\/archive.sana.sy\/tr\/index.php?rest_route=\/wp\/v2\/posts\/300445","targetHints":{"allow":["GET"]}}],"collection":[{"href":"https:\/\/archive.sana.sy\/tr\/index.php?rest_route=\/wp\/v2\/posts"}],"about":[{"href":"https:\/\/archive.sana.sy\/tr\/index.php?rest_route=\/wp\/v2\/types\/post"}],"author":[{"embeddable":true,"href":"https:\/\/archive.sana.sy\/tr\/index.php?rest_route=\/wp\/v2\/users\/41"}],"replies":[{"embeddable":true,"href":"https:\/\/archive.sana.sy\/tr\/index.php?rest_route=%2Fwp%2Fv2%2Fcomments&post=300445"}],"version-history":[{"count":1,"href":"https:\/\/archive.sana.sy\/tr\/index.php?rest_route=\/wp\/v2\/posts\/300445\/revisions"}],"predecessor-version":[{"id":300449,"href":"https:\/\/archive.sana.sy\/tr\/index.php?rest_route=\/wp\/v2\/posts\/300445\/revisions\/300449"}],"wp:featuredmedia":[{"embeddable":true,"href":"https:\/\/archive.sana.sy\/tr\/index.php?rest_route=\/wp\/v2\/media\/300446"}],"wp:attachment":[{"href":"https:\/\/archive.sana.sy\/tr\/index.php?rest_route=%2Fwp%2Fv2%2Fmedia&parent=300445"}],"wp:term":[{"taxonomy":"category","embeddable":true,"href":"https:\/\/archive.sana.sy\/tr\/index.php?rest_route=%2Fwp%2Fv2%2Fcategories&post=300445"},{"taxonomy":"post_tag","embeddable":true,"href":"https:\/\/archive.sana.sy\/tr\/index.php?rest_route=%2Fwp%2Fv2%2Ftags&post=300445"}],"curies":[{"name":"wp","href":"https:\/\/api.w.org\/{rel}","templated":true}]}}