{"id":300574,"date":"2024-04-24T11:25:34","date_gmt":"2024-04-24T08:25:34","guid":{"rendered":"https:\/\/sana.sy\/tr\/?p=300574"},"modified":"2024-04-27T08:59:55","modified_gmt":"2024-04-27T05:59:55","slug":"jamaika-filistin-devletini-resmen-tanidigini-ilan-etti","status":"publish","type":"post","link":"https:\/\/archive.sana.sy\/tr\/?p=300574","title":{"rendered":"Jamaika, Filistin Devleti&#8217;ni Resmen Tan\u0131d\u0131\u011f\u0131n\u0131 Duyurdu"},"content":{"rendered":"<p style=\"text-align: justify;\"><strong>K\u0130NGSTON (SANA)<\/strong> &#8211; Jamaika, Birle\u015fmi\u015f Milletler \u015eart\u0131 ilkelerine olan g\u00fc\u00e7l\u00fc ba\u011fl\u0131l\u0131\u011f\u0131na dayanarak Filistin Devleti&#8217;nin resmi olarak tan\u0131nd\u0131\u011f\u0131n\u0131 duyurdu.<\/p>\n<p style=\"text-align: justify;\">Wafa Haber Ajans\u0131, &#8221;Jamaika D\u0131\u015fi\u015fleri ve D\u0131\u015f Ticaret Bakan\u0131 Kamina Johnson-Smith&#8217;in, \u00fclkesinin Bakanlar Kurulu&#8217;ndaki m\u00fczakerelerin ard\u0131ndan: &#8220;Jamaika, Filistin Devleti&#8217;ni tan\u0131yarak bar\u0131\u015f\u00e7\u0131l \u00e7\u00f6z\u00fcm \u00e7a\u011fr\u0131s\u0131n\u0131 g\u00fc\u00e7lendiriyor&#8221; dedi.<\/p>\n<p style=\"text-align: justify;\">Smith, karar\u0131n Jamaika&#8217;n\u0131n, \u00fclkeler aras\u0131nda kar\u015f\u0131l\u0131kl\u0131 sayg\u0131 ve bar\u0131\u015f i\u00e7inde bir arada ya\u015faman\u0131n yan\u0131 s\u0131ra uluslararas\u0131 hukukun \u00fcst\u00fcnl\u00fc\u011f\u00fcn\u00fcn ve halklar\u0131n kendi kendini y\u00f6netme hakk\u0131n\u0131n tan\u0131nmas\u0131n\u0131 ama\u00e7layan Birle\u015fmi\u015f Milletler T\u00fcz\u00fc\u011f\u00fc ilkelerine olan g\u00fc\u00e7l\u00fc ba\u011fl\u0131l\u0131\u011f\u0131yla tutarl\u0131 oldu\u011funu a\u00e7\u0131klad\u0131.<\/p>\n<p style=\"text-align: justify;\">Smith ayr\u0131ca, Jamaika&#8217;n\u0131n derhal ate\u015fkes sa\u011flanmas\u0131na ve Gazze \u015eeridi&#8217;ne, \u00f6zellikle de her g\u00fcn ac\u0131 \u00e7eken kad\u0131nlara ve \u00e7ocuklara insani yard\u0131m eri\u015fiminin art\u0131r\u0131lmas\u0131na verdi\u011fi deste\u011fi yineledi.<\/p>\n<p style=\"text-align: justify;\">Smith, \u00fclkesinin gerilimi durdurmaya ve b\u00f6lgede kal\u0131c\u0131 bar\u0131\u015f\u0131 tesis etmeye y\u00f6nelik t\u00fcm \u00e7abalar\u0131 destekledi\u011fini belirterek, t\u00fcm taraflara \u00e7at\u0131\u015fman\u0131n devam\u0131n\u0131n korkun\u00e7 sonu\u00e7lar\u0131n\u0131 dikkate almalar\u0131 ve diplomatik \u00e7\u00f6z\u00fcmlere ba\u011fl\u0131 kalmalar\u0131 \u00e7a\u011fr\u0131s\u0131nda da bulundu.<\/p>\n<p style=\"text-align: justify;\">Jamaika&#8217;n\u0131n tan\u0131nmas\u0131yla birlikte Filistin Devleti&#8217;ni tan\u0131yan \u00fclke say\u0131s\u0131 142&#8217;ye \u00e7\u0131k\u0131yor.<\/p>\n<p style=\"text-align: center;\"><strong><a href=\"https:\/\/t.me\/SuriyeArapHaberAjansI\">Telegram Kanal\u0131m\u0131z\u00a0<\/a>||<a href=\"https:\/\/twitter.com\/arap_ajans\">X Platformumuz\u00a0<\/a>||<a href=\"https:\/\/www.facebook.com\/SANAHaberAjansi\/\">Facebook Sayfam\u0131z<\/a><\/strong><\/p>\n","protected":false},"excerpt":{"rendered":"<p>K\u0130NGSTON (SANA) &#8211; Jamaika, Birle\u015fmi\u015f Milletler \u015eart\u0131 ilkelerine olan g\u00fc\u00e7l\u00fc ba\u011fl\u0131l\u0131\u011f\u0131na dayanarak Filistin Devleti&#8217;nin resmi olarak tan\u0131nd\u0131\u011f\u0131n\u0131 duyurdu. Wafa Haber Ajans\u0131, &#8221;Jamaika D\u0131\u015fi\u015fleri ve D\u0131\u015f Ticaret Bakan\u0131 Kamina Johnson-Smith&#8217;in, \u00fclkesinin Bakanlar Kurulu&#8217;ndaki m\u00fczakerelerin ard\u0131ndan: &#8220;Jamaika, Filistin Devleti&#8217;ni tan\u0131yarak bar\u0131\u015f\u00e7\u0131l \u00e7\u00f6z\u00fcm \u00e7a\u011fr\u0131s\u0131n\u0131 g\u00fc\u00e7lendiriyor&#8221; dedi. Smith, karar\u0131n Jamaika&#8217;n\u0131n, \u00fclkeler aras\u0131nda kar\u015f\u0131l\u0131kl\u0131 sayg\u0131 ve bar\u0131\u015f i\u00e7inde bir arada &hellip;<\/p>\n","protected":false},"author":36,"featured_media":300575,"comment_status":"closed","ping_status":"closed","sticky":false,"template":"","format":"standard","meta":{"footnotes":""},"categories":[458,459,17988],"tags":[],"class_list":["post-300574","post","type-post","status-publish","format-standard","has-post-thumbnail","","category-dunya1","category-haberler-arap-uluslararasi-politika","category-son-haberler"],"_links":{"self":[{"href":"https:\/\/archive.sana.sy\/tr\/index.php?rest_route=\/wp\/v2\/posts\/300574","targetHints":{"allow":["GET"]}}],"collection":[{"href":"https:\/\/archive.sana.sy\/tr\/index.php?rest_route=\/wp\/v2\/posts"}],"about":[{"href":"https:\/\/archive.sana.sy\/tr\/index.php?rest_route=\/wp\/v2\/types\/post"}],"author":[{"embeddable":true,"href":"https:\/\/archive.sana.sy\/tr\/index.php?rest_route=\/wp\/v2\/users\/36"}],"replies":[{"embeddable":true,"href":"https:\/\/archive.sana.sy\/tr\/index.php?rest_route=%2Fwp%2Fv2%2Fcomments&post=300574"}],"version-history":[{"count":4,"href":"https:\/\/archive.sana.sy\/tr\/index.php?rest_route=\/wp\/v2\/posts\/300574\/revisions"}],"predecessor-version":[{"id":300603,"href":"https:\/\/archive.sana.sy\/tr\/index.php?rest_route=\/wp\/v2\/posts\/300574\/revisions\/300603"}],"wp:featuredmedia":[{"embeddable":true,"href":"https:\/\/archive.sana.sy\/tr\/index.php?rest_route=\/wp\/v2\/media\/300575"}],"wp:attachment":[{"href":"https:\/\/archive.sana.sy\/tr\/index.php?rest_route=%2Fwp%2Fv2%2Fmedia&parent=300574"}],"wp:term":[{"taxonomy":"category","embeddable":true,"href":"https:\/\/archive.sana.sy\/tr\/index.php?rest_route=%2Fwp%2Fv2%2Fcategories&post=300574"},{"taxonomy":"post_tag","embeddable":true,"href":"https:\/\/archive.sana.sy\/tr\/index.php?rest_route=%2Fwp%2Fv2%2Ftags&post=300574"}],"curies":[{"name":"wp","href":"https:\/\/api.w.org\/{rel}","templated":true}]}}