{"id":300619,"date":"2024-04-25T13:20:54","date_gmt":"2024-04-25T10:20:54","guid":{"rendered":"https:\/\/sana.sy\/tr\/?p=300619"},"modified":"2024-04-27T09:00:10","modified_gmt":"2024-04-27T06:00:10","slug":"amerika-universitelerinde-filistin-halkina-destek-protestolari-devam-ediyor","status":"publish","type":"post","link":"https:\/\/archive.sana.sy\/tr\/?p=300619","title":{"rendered":"Amerika \u00dcniversitelerinde Filistin Halk\u0131na Destek Protestolar\u0131 Devam Ediyor"},"content":{"rendered":"<p style=\"text-align: justify;\"><strong>VA\u015e\u0130NGTON (SANA)<\/strong> \u2013Bir dizi \u015fehir ve \u00fcniversitenin Gazze \u015eeridi&#8217;ne y\u00f6nelik sald\u0131rganl\u0131\u011fa son verilmesini talep eden \u00e7ok say\u0131da protestoya tan\u0131k oldu\u011fu bir d\u00f6nemde, Amerika polisi, \u0130srail i\u015fgal varl\u0131\u011f\u0131n\u0131n Gazze \u015eeridi&#8217;ne y\u00f6nelik sald\u0131rganl\u0131\u011f\u0131n\u0131 reddeden ve Filistin halk\u0131yla dayan\u0131\u015fma i\u00e7inde olan 50&#8217;den fazla protestocuyu ABD&#8217;nin Austin kentindeki Texas \u00dcniversitesi kamp\u00fcs\u00fcnde tutuklad\u0131.<\/p>\n<p style=\"text-align: justify;\">Amerikan medyas\u0131, Filistin Dayan\u0131\u015fma Komitesi&#8217;nin &#8220;Austin&#8217;deki Texas \u00dcniversitesi&#8217;ne kay\u0131tl\u0131 bir \u00f6\u011frenci grubu ve Filistin&#8217;de Adalet \u0130\u00e7in Ulusal \u00d6\u011frenciler grubunun \u00fcyeleri&#8221;, \u0130srail&#8217;in Gazze \u015eeridi&#8217;ne y\u00f6nelik yo\u011fun devlet polisi varl\u0131\u011f\u0131n\u0131n ortas\u0131nda sald\u0131rganl\u0131\u011f\u0131na son verilmesi talebiyle d\u00fcn bir protesto y\u00fcr\u00fcy\u00fc\u015f\u00fc d\u00fczenledi\u011fini bildirdi.<\/p>\n<p style=\"text-align: justify;\">Austin Barosu \u00fcyesi Avukat George Loeb, protestoya kat\u0131lmalar\u0131 nedeniyle Travis County Hapishanesinde yakla\u015f\u0131k 54 ki\u015finin g\u00f6zalt\u0131na al\u0131nd\u0131\u011f\u0131n\u0131 a\u00e7\u0131klad\u0131.<\/p>\n<p style=\"text-align: justify;\">&#8220;PEN Amerika&#8221; organizasyonu &#8220;\u0130fade \u00f6zg\u00fcrl\u00fc\u011f\u00fcn\u00fc savunan&#8221;, Texas \u00dcniversitesi&#8217;ndeki ani gerilimi &#8220;b\u00fcy\u00fck endi\u015fe uyand\u0131ran&#8221; olarak nitelendirdi.<\/p>\n<p style=\"text-align: justify;\">Kaliforniya&#8217;da, Los Angeles&#8217;taki G\u00fcney Kaliforniya \u00dcniversitesi, Filistin yanl\u0131s\u0131 g\u00f6stericilerin polisle \u00e7at\u0131\u015fmas\u0131n\u0131n ard\u0131ndan artan gerilim nedeniyle d\u00fcn kapat\u0131ld\u0131.<\/p>\n<p style=\"text-align: justify;\">New York&#8217;ta protestolar\u0131 art arda dokuzuncu g\u00fcn\u00fcne giren Columbia \u00dcniversitesi, Filistin halk\u0131n\u0131 ve haklar\u0131n\u0131 desteklemek amac\u0131yla oturma eyleminin \u00e7\u00f6z\u00fcm\u00fcne ili\u015fkin \u00f6\u011frenci aktivistlerle m\u00fczakereleri uzatt\u0131\u011f\u0131n\u0131 duyurdu.<\/p>\n<p style=\"text-align: justify;\">Providence&#8217;daki Brown \u00dcniversitesi, Ann Arbor&#8217;daki Michigan \u00dcniversitesi, Cambridge&#8217;deki Massachusetts Teknoloji Enstit\u00fcs\u00fc ve Humboldt&#8217;taki Kuzey Kaliforniya \u00dcniversitesi gibi di\u011fer \u00fcniversiteler de benzer protestolara tan\u0131k oldu.<\/p>\n<p style=\"text-align: center;\"><strong><a href=\"https:\/\/t.me\/SuriyeArapHaberAjansI\">Telegram Kanal\u0131m\u0131z\u00a0<\/a>||<a href=\"https:\/\/twitter.com\/arap_ajans\">X Platformumuz\u00a0<\/a>||<a href=\"https:\/\/www.facebook.com\/SANAHaberAjansi\/\">Facebook Sayfam\u0131z<\/a><\/strong><\/p>\n","protected":false},"excerpt":{"rendered":"<p>VA\u015e\u0130NGTON (SANA) \u2013Bir dizi \u015fehir ve \u00fcniversitenin Gazze \u015eeridi&#8217;ne y\u00f6nelik sald\u0131rganl\u0131\u011fa son verilmesini talep eden \u00e7ok say\u0131da protestoya tan\u0131k oldu\u011fu bir d\u00f6nemde, Amerika polisi, \u0130srail i\u015fgal varl\u0131\u011f\u0131n\u0131n Gazze \u015eeridi&#8217;ne y\u00f6nelik sald\u0131rganl\u0131\u011f\u0131n\u0131 reddeden ve Filistin halk\u0131yla dayan\u0131\u015fma i\u00e7inde olan 50&#8217;den fazla protestocuyu ABD&#8217;nin Austin kentindeki Texas \u00dcniversitesi kamp\u00fcs\u00fcnde tutuklad\u0131. Amerikan medyas\u0131, Filistin Dayan\u0131\u015fma Komitesi&#8217;nin &#8220;Austin&#8217;deki Texas &hellip;<\/p>\n","protected":false},"author":39,"featured_media":300620,"comment_status":"closed","ping_status":"closed","sticky":false,"template":"","format":"standard","meta":{"footnotes":""},"categories":[458,459,17988],"tags":[],"class_list":["post-300619","post","type-post","status-publish","format-standard","has-post-thumbnail","","category-dunya1","category-haberler-arap-uluslararasi-politika","category-son-haberler"],"_links":{"self":[{"href":"https:\/\/archive.sana.sy\/tr\/index.php?rest_route=\/wp\/v2\/posts\/300619","targetHints":{"allow":["GET"]}}],"collection":[{"href":"https:\/\/archive.sana.sy\/tr\/index.php?rest_route=\/wp\/v2\/posts"}],"about":[{"href":"https:\/\/archive.sana.sy\/tr\/index.php?rest_route=\/wp\/v2\/types\/post"}],"author":[{"embeddable":true,"href":"https:\/\/archive.sana.sy\/tr\/index.php?rest_route=\/wp\/v2\/users\/39"}],"replies":[{"embeddable":true,"href":"https:\/\/archive.sana.sy\/tr\/index.php?rest_route=%2Fwp%2Fv2%2Fcomments&post=300619"}],"version-history":[{"count":2,"href":"https:\/\/archive.sana.sy\/tr\/index.php?rest_route=\/wp\/v2\/posts\/300619\/revisions"}],"predecessor-version":[{"id":300622,"href":"https:\/\/archive.sana.sy\/tr\/index.php?rest_route=\/wp\/v2\/posts\/300619\/revisions\/300622"}],"wp:featuredmedia":[{"embeddable":true,"href":"https:\/\/archive.sana.sy\/tr\/index.php?rest_route=\/wp\/v2\/media\/300620"}],"wp:attachment":[{"href":"https:\/\/archive.sana.sy\/tr\/index.php?rest_route=%2Fwp%2Fv2%2Fmedia&parent=300619"}],"wp:term":[{"taxonomy":"category","embeddable":true,"href":"https:\/\/archive.sana.sy\/tr\/index.php?rest_route=%2Fwp%2Fv2%2Fcategories&post=300619"},{"taxonomy":"post_tag","embeddable":true,"href":"https:\/\/archive.sana.sy\/tr\/index.php?rest_route=%2Fwp%2Fv2%2Ftags&post=300619"}],"curies":[{"name":"wp","href":"https:\/\/api.w.org\/{rel}","templated":true}]}}