{"id":300804,"date":"2024-04-29T10:15:27","date_gmt":"2024-04-29T07:15:27","guid":{"rendered":"https:\/\/sana.sy\/tr\/?p=300804"},"modified":"2024-04-30T08:15:13","modified_gmt":"2024-04-30T05:15:13","slug":"silahli-kuvvetlerimiz-halep-ve-idlib-kirsalinda-terorist-araclarini-ve-zirhli-araclari-hedef-aldi","status":"publish","type":"post","link":"https:\/\/archive.sana.sy\/tr\/?p=300804","title":{"rendered":"Silahl\u0131 Kuvvetlerimiz Halep Ve \u0130dlib K\u0131rsal\u0131nda Ter\u00f6r\u00fc K\u00f6k\u00fcnden  Kaz\u0131ma Operasyonlar\u0131n\u0131 S\u00fcrd\u00fcr\u00fcyor"},"content":{"rendered":"<p style=\"text-align: justify;\"><strong>\u015eAM (SANA)<\/strong> \u2013 Suriye ordusu Halep ve \u0130dlib k\u0131rsal\u0131nda ter\u00f6ristlere ait z\u0131rhl\u0131 ara\u00e7lar\u0131 hedef alarak, Lazkiye k\u0131rsal\u0131nda \u00e7ok say\u0131da insans\u0131z hava arac\u0131n\u0131 imha etti.<\/p>\n<p style=\"text-align: justify;\"><img loading=\"lazy\" decoding=\"async\" class=\"size-full wp-image-300807 alignright\" src=\"http:\/\/sana.sy\/tr\/wp-content\/uploads\/2024\/04\/Untitled-1-65-300x169-2.jpg\" alt=\"\" width=\"300\" height=\"169\" \/>Savunma Bakanl\u0131\u011f\u0131 bug\u00fcn Facebook sayfas\u0131nda yay\u0131nlad\u0131\u011f\u0131 a\u00e7\u0131klamada, &#8220;Silahl\u0131 kuvvetlerimizin Halep ve \u0130dlib k\u0131rsal\u0131na do\u011fru hareket eden birliklerimiz, dost Rus g\u00fc\u00e7leriyle i\u015f birli\u011fi yaparak, ter\u00f6r \u00f6rg\u00fctlerine ait \u00e7ok say\u0131da ara\u00e7 ve z\u0131rhl\u0131 arac\u0131 hedef alarak, bunlar\u0131n tamamen imha edilmesine ve i\u00e7lerindeki ter\u00f6ristlerin \u00f6ld\u00fcr\u00fclmesine ve yaralanmas\u0131na yol a\u00e7t\u0131&#8221; dedi.<\/p>\n<p style=\"text-align: justify;\">Bakanl\u0131k ayr\u0131ca, Lazkiye k\u0131rsal\u0131na do\u011fru hareket eden g\u00fc\u00e7lerimize ba\u011fl\u0131 bir birlikimizin, ter\u00f6ristlerin b\u00f6lgedeki g\u00fcvenli k\u00f6y ve kasabalara sald\u0131r\u0131 amac\u0131yla kulland\u0131\u011f\u0131 \u00e7ok say\u0131da insans\u0131z hava arac\u0131n\u0131 vurarak d\u00fc\u015f\u00fcrmeyi ba\u015fard\u0131\u011f\u0131n\u0131 kaydettii.<\/p>\n<p style=\"text-align: center;\"><iframe loading=\"lazy\" title=\"\u0627\u0633\u062a\u0647\u062f\u0627\u0641 \u0622\u0644\u064a\u0627\u062a \u0648\u0639\u0631\u0628\u0627\u062a \u0645\u0635\u0641\u062d\u0629 \u0644\u0644\u0625\u0631\u0647\u0627\u0628\u064a\u064a\u0646 \u0641\u064a \u0631\u064a\u0641\u064a \u062d\u0644\u0628 \u0648\u0625\u062f\u0644\u0628 \u0648\u0625\u0633\u0642\u0627\u0637 \u0648\u062a\u062f\u0645\u064a\u0631 \u0639\u062f\u0629 \u0645\u0633\u064a\u0631\u0627\u062a \u0641\u064a \u0631\u064a\u0641 \u0627\u0644\u0644\u0627\u0630\u0642\u064a\u0629\" src=\"https:\/\/www.youtube.com\/embed\/_kAdFJj_O-w\" width=\"620\" height=\"348\" frameborder=\"0\" allowfullscreen=\"allowfullscreen\"><\/iframe><\/p>\n<p style=\"text-align: center;\"><strong><a href=\"https:\/\/t.me\/SuriyeArapHaberAjansI\">Telegram Kanal\u0131m\u0131z\u00a0<\/a>||<a href=\"https:\/\/twitter.com\/arap_ajans\">X Platformumuz\u00a0<\/a>||<a href=\"https:\/\/www.facebook.com\/SANAHaberAjansi\/\">Facebook Sayfam\u0131z<\/a><\/strong><\/p>\n","protected":false},"excerpt":{"rendered":"<p>\u015eAM (SANA) \u2013 Suriye ordusu Halep ve \u0130dlib k\u0131rsal\u0131nda ter\u00f6ristlere ait z\u0131rhl\u0131 ara\u00e7lar\u0131 hedef alarak, Lazkiye k\u0131rsal\u0131nda \u00e7ok say\u0131da insans\u0131z hava arac\u0131n\u0131 imha etti. Savunma Bakanl\u0131\u011f\u0131 bug\u00fcn Facebook sayfas\u0131nda yay\u0131nlad\u0131\u011f\u0131 a\u00e7\u0131klamada, &#8220;Silahl\u0131 kuvvetlerimizin Halep ve \u0130dlib k\u0131rsal\u0131na do\u011fru hareket eden birliklerimiz, dost Rus g\u00fc\u00e7leriyle i\u015f birli\u011fi yaparak, ter\u00f6r \u00f6rg\u00fctlerine ait \u00e7ok say\u0131da ara\u00e7 ve z\u0131rhl\u0131 &hellip;<\/p>\n","protected":false},"author":39,"featured_media":300806,"comment_status":"closed","ping_status":"closed","sticky":false,"template":"","format":"standard","meta":{"footnotes":""},"categories":[479,575,17988,478],"tags":[41270],"class_list":["post-300804","post","type-post","status-publish","format-standard","has-post-thumbnail","","category-haberler-yerel","category-olaylar-ve-gercekler","category-son-haberler","category-yerel","tag-silahli-kuvvetlerimiz-halep-ve-idlib-kirsalinda-teroru-kokunden-kazima-operasyonlarini-surduruyor"],"_links":{"self":[{"href":"https:\/\/archive.sana.sy\/tr\/index.php?rest_route=\/wp\/v2\/posts\/300804","targetHints":{"allow":["GET"]}}],"collection":[{"href":"https:\/\/archive.sana.sy\/tr\/index.php?rest_route=\/wp\/v2\/posts"}],"about":[{"href":"https:\/\/archive.sana.sy\/tr\/index.php?rest_route=\/wp\/v2\/types\/post"}],"author":[{"embeddable":true,"href":"https:\/\/archive.sana.sy\/tr\/index.php?rest_route=\/wp\/v2\/users\/39"}],"replies":[{"embeddable":true,"href":"https:\/\/archive.sana.sy\/tr\/index.php?rest_route=%2Fwp%2Fv2%2Fcomments&post=300804"}],"version-history":[{"count":12,"href":"https:\/\/archive.sana.sy\/tr\/index.php?rest_route=\/wp\/v2\/posts\/300804\/revisions"}],"predecessor-version":[{"id":300839,"href":"https:\/\/archive.sana.sy\/tr\/index.php?rest_route=\/wp\/v2\/posts\/300804\/revisions\/300839"}],"wp:featuredmedia":[{"embeddable":true,"href":"https:\/\/archive.sana.sy\/tr\/index.php?rest_route=\/wp\/v2\/media\/300806"}],"wp:attachment":[{"href":"https:\/\/archive.sana.sy\/tr\/index.php?rest_route=%2Fwp%2Fv2%2Fmedia&parent=300804"}],"wp:term":[{"taxonomy":"category","embeddable":true,"href":"https:\/\/archive.sana.sy\/tr\/index.php?rest_route=%2Fwp%2Fv2%2Fcategories&post=300804"},{"taxonomy":"post_tag","embeddable":true,"href":"https:\/\/archive.sana.sy\/tr\/index.php?rest_route=%2Fwp%2Fv2%2Ftags&post=300804"}],"curies":[{"name":"wp","href":"https:\/\/api.w.org\/{rel}","templated":true}]}}