{"id":300821,"date":"2024-04-29T10:50:30","date_gmt":"2024-04-29T07:50:30","guid":{"rendered":"https:\/\/sana.sy\/tr\/?p=300821"},"modified":"2024-04-30T14:07:46","modified_gmt":"2024-04-30T11:07:46","slug":"cumhurbaskani-esad-sehit-yarali-ve-kayip-ailelerine-dagitilan-yillik-nakit-hediyenin-degerinin-artirilmasi-talimatini-verdi","status":"publish","type":"post","link":"https:\/\/archive.sana.sy\/tr\/?p=300821","title":{"rendered":"Cumhurba\u015fkan\u0131 Esad, \u015eehit, Yaral\u0131 Ve Kay\u0131p Ailelerine Da\u011f\u0131t\u0131lan Y\u0131ll\u0131k Nakit Hediyenin De\u011ferinin Art\u0131r\u0131lmas\u0131 Talimat\u0131n\u0131 Verdi"},"content":{"rendered":"<p style=\"text-align: justify;\"><strong>\u015eAM (SANA) \u2013<\/strong> Say\u0131n Cumhurba\u015fkan\u0131m\u0131z Korgeneral Be\u015f\u015far Esad&#8217;\u0131n \u015fehit, yaral\u0131 ve kay\u0131p ailelerine verdi\u011fi s\u00fcrekli destek ve ilgi \u00e7er\u00e7evesinde, \u015fehit, yaral\u0131 ve kay\u0131p ailelerine da\u011f\u0131t\u0131lan y\u0131ll\u0131k nakdi hediyenin (\u015eehitler G\u00fcn\u00fc Hediyesi) de\u011ferinin 6 kat\u0131na kadar a\u015fa\u011f\u0131da belirtildi\u011fi gibi art\u0131r\u0131lmas\u0131 talimat\u0131n\u0131 verdi:<\/p>\n<ul>\n<li style=\"text-align: justify;\">\u015eehit, kay\u0131p ve tam engelli yaral\u0131lar\u0131n aileleri: 300 bin Suriye liras\u0131.<\/li>\n<li style=\"text-align: justify;\">K\u0131smi engelli yaral\u0131lar: (%40 ila %79): 200.000 bin Suriye liras\u0131.<\/li>\n<\/ul>\n<p style=\"text-align: center;\"><strong><a href=\"https:\/\/t.me\/SuriyeArapHaberAjansI\">Telegram Kanal\u0131m\u0131z\u00a0<\/a>||<a href=\"https:\/\/twitter.com\/arap_ajans\">X Platformumuz\u00a0<\/a>||<a href=\"https:\/\/www.facebook.com\/SANAHaberAjansi\/\">Facebook Sayfam\u0131z<\/a><\/strong><\/p>\n","protected":false},"excerpt":{"rendered":"<p>\u015eAM (SANA) \u2013 Say\u0131n Cumhurba\u015fkan\u0131m\u0131z Korgeneral Be\u015f\u015far Esad&#8217;\u0131n \u015fehit, yaral\u0131 ve kay\u0131p ailelerine verdi\u011fi s\u00fcrekli destek ve ilgi \u00e7er\u00e7evesinde, \u015fehit, yaral\u0131 ve kay\u0131p ailelerine da\u011f\u0131t\u0131lan y\u0131ll\u0131k nakdi hediyenin (\u015eehitler G\u00fcn\u00fc Hediyesi) de\u011ferinin 6 kat\u0131na kadar a\u015fa\u011f\u0131da belirtildi\u011fi gibi art\u0131r\u0131lmas\u0131 talimat\u0131n\u0131 verdi: \u015eehit, kay\u0131p ve tam engelli yaral\u0131lar\u0131n aileleri: 300 bin Suriye liras\u0131. K\u0131smi engelli yaral\u0131lar: &hellip;<\/p>\n","protected":false},"author":39,"featured_media":300822,"comment_status":"closed","ping_status":"closed","sticky":false,"template":"","format":"standard","meta":{"footnotes":""},"categories":[605,612],"tags":[],"class_list":["post-300821","post","type-post","status-publish","format-standard","has-post-thumbnail","","category-sayin-cumhurbaskani","category-yasama-kararnameler"],"_links":{"self":[{"href":"https:\/\/archive.sana.sy\/tr\/index.php?rest_route=\/wp\/v2\/posts\/300821","targetHints":{"allow":["GET"]}}],"collection":[{"href":"https:\/\/archive.sana.sy\/tr\/index.php?rest_route=\/wp\/v2\/posts"}],"about":[{"href":"https:\/\/archive.sana.sy\/tr\/index.php?rest_route=\/wp\/v2\/types\/post"}],"author":[{"embeddable":true,"href":"https:\/\/archive.sana.sy\/tr\/index.php?rest_route=\/wp\/v2\/users\/39"}],"replies":[{"embeddable":true,"href":"https:\/\/archive.sana.sy\/tr\/index.php?rest_route=%2Fwp%2Fv2%2Fcomments&post=300821"}],"version-history":[{"count":2,"href":"https:\/\/archive.sana.sy\/tr\/index.php?rest_route=\/wp\/v2\/posts\/300821\/revisions"}],"predecessor-version":[{"id":300832,"href":"https:\/\/archive.sana.sy\/tr\/index.php?rest_route=\/wp\/v2\/posts\/300821\/revisions\/300832"}],"wp:featuredmedia":[{"embeddable":true,"href":"https:\/\/archive.sana.sy\/tr\/index.php?rest_route=\/wp\/v2\/media\/300822"}],"wp:attachment":[{"href":"https:\/\/archive.sana.sy\/tr\/index.php?rest_route=%2Fwp%2Fv2%2Fmedia&parent=300821"}],"wp:term":[{"taxonomy":"category","embeddable":true,"href":"https:\/\/archive.sana.sy\/tr\/index.php?rest_route=%2Fwp%2Fv2%2Fcategories&post=300821"},{"taxonomy":"post_tag","embeddable":true,"href":"https:\/\/archive.sana.sy\/tr\/index.php?rest_route=%2Fwp%2Fv2%2Ftags&post=300821"}],"curies":[{"name":"wp","href":"https:\/\/api.w.org\/{rel}","templated":true}]}}