{"id":300827,"date":"2024-04-29T14:24:30","date_gmt":"2024-04-29T11:24:30","guid":{"rendered":"https:\/\/sana.sy\/tr\/?p=300827"},"modified":"2024-04-30T14:06:36","modified_gmt":"2024-04-30T11:06:36","slug":"mikdad-dunya-gida-programinin-orta-dogu-ve-kuzey-afrika-operasyonlarindan-sorumlu-bolge-direktoru-ile-gorustu","status":"publish","type":"post","link":"https:\/\/archive.sana.sy\/tr\/?p=300827","title":{"rendered":"Mikdad, Fleischer \u0130le Suriye \u0130le D\u00fcnya G\u0131da Program\u0131 Aras\u0131ndaki Mevcut \u0130\u015fbirli\u011fini Ve Gelecek Planlar\u0131n\u0131 G\u00f6r\u00fc\u015ft\u00fc"},"content":{"rendered":"<p style=\"text-align: justify;\"><strong>\u015eAM (SANA) &#8211; <\/strong>D\u0131\u015fi\u015fleri ve Gurbet\u00e7iler Bakan\u0131 Faysal Mikdad, D\u00fcnya G\u0131da Program\u0131 Orta Do\u011fu ve Kuzey Afrika <img loading=\"lazy\" decoding=\"async\" class=\" wp-image-300850 alignright\" src=\"http:\/\/sana.sy\/tr\/wp-content\/uploads\/2024\/04\/AMR_5955-copy-300x200-1.jpg\" alt=\"\" width=\"237\" height=\"158\" \/>operasyonlar\u0131ndan sorumlu B\u00f6lge Direkt\u00f6r\u00fc Corinne Fleischer ve beraberindeki heyetle bir araya gelerek, Suriye ile program aras\u0131ndaki mevcut i\u015fbirli\u011fini ve destekledi\u011fi projeleri, \u00f6zellikle de \u00e7ocuklar\u0131n ve annelerin desteklenmesi ve erken iyile\u015fme ile ilgili olanlar\u0131 masaya yat\u0131rd\u0131.<\/p>\n<p style=\"text-align: justify;\">\u0130ki taraf g\u00f6rr\u00fc\u015fmede, Suriye h\u00fck\u00fcmeti ve program\u0131n Suriye&#8217;deki ulusal ortaklar\u0131yla i\u015f birli\u011fi ve koordinasyon i\u00e7erisinde, Suriyelilerin \u00f6nceliklerine ve ihtiya\u00e7lar\u0131na uygun \u015fekilde program\u0131n gelecek planlar\u0131na ili\u015fkin geli\u015fmeleri de ele ald\u0131.<\/p>\n<p style=\"text-align: center;\"><strong><a href=\"https:\/\/t.me\/SuriyeArapHaberAjansI\">Telegram Kanal\u0131m\u0131z\u00a0<\/a>||<a href=\"https:\/\/twitter.com\/arap_ajans\">X Platformumuz\u00a0<\/a>||<a href=\"https:\/\/www.facebook.com\/SANAHaberAjansi\/\">Facebook Sayfam\u0131z<\/a><\/strong><\/p>\n","protected":false},"excerpt":{"rendered":"<p>\u015eAM (SANA) &#8211; D\u0131\u015fi\u015fleri ve Gurbet\u00e7iler Bakan\u0131 Faysal Mikdad, D\u00fcnya G\u0131da Program\u0131 Orta Do\u011fu ve Kuzey Afrika operasyonlar\u0131ndan sorumlu B\u00f6lge Direkt\u00f6r\u00fc Corinne Fleischer ve beraberindeki heyetle bir araya gelerek, Suriye ile program aras\u0131ndaki mevcut i\u015fbirli\u011fini ve destekledi\u011fi projeleri, \u00f6zellikle de \u00e7ocuklar\u0131n ve annelerin desteklenmesi ve erken iyile\u015fme ile ilgili olanlar\u0131 masaya yat\u0131rd\u0131. \u0130ki taraf g\u00f6rr\u00fc\u015fmede, &hellip;<\/p>\n","protected":false},"author":39,"featured_media":300849,"comment_status":"closed","ping_status":"closed","sticky":false,"template":"","format":"standard","meta":{"footnotes":""},"categories":[479,17988,478],"tags":[],"class_list":["post-300827","post","type-post","status-publish","format-standard","has-post-thumbnail","","category-haberler-yerel","category-son-haberler","category-yerel"],"_links":{"self":[{"href":"https:\/\/archive.sana.sy\/tr\/index.php?rest_route=\/wp\/v2\/posts\/300827","targetHints":{"allow":["GET"]}}],"collection":[{"href":"https:\/\/archive.sana.sy\/tr\/index.php?rest_route=\/wp\/v2\/posts"}],"about":[{"href":"https:\/\/archive.sana.sy\/tr\/index.php?rest_route=\/wp\/v2\/types\/post"}],"author":[{"embeddable":true,"href":"https:\/\/archive.sana.sy\/tr\/index.php?rest_route=\/wp\/v2\/users\/39"}],"replies":[{"embeddable":true,"href":"https:\/\/archive.sana.sy\/tr\/index.php?rest_route=%2Fwp%2Fv2%2Fcomments&post=300827"}],"version-history":[{"count":8,"href":"https:\/\/archive.sana.sy\/tr\/index.php?rest_route=\/wp\/v2\/posts\/300827\/revisions"}],"predecessor-version":[{"id":300854,"href":"https:\/\/archive.sana.sy\/tr\/index.php?rest_route=\/wp\/v2\/posts\/300827\/revisions\/300854"}],"wp:featuredmedia":[{"embeddable":true,"href":"https:\/\/archive.sana.sy\/tr\/index.php?rest_route=\/wp\/v2\/media\/300849"}],"wp:attachment":[{"href":"https:\/\/archive.sana.sy\/tr\/index.php?rest_route=%2Fwp%2Fv2%2Fmedia&parent=300827"}],"wp:term":[{"taxonomy":"category","embeddable":true,"href":"https:\/\/archive.sana.sy\/tr\/index.php?rest_route=%2Fwp%2Fv2%2Fcategories&post=300827"},{"taxonomy":"post_tag","embeddable":true,"href":"https:\/\/archive.sana.sy\/tr\/index.php?rest_route=%2Fwp%2Fv2%2Ftags&post=300827"}],"curies":[{"name":"wp","href":"https:\/\/api.w.org\/{rel}","templated":true}]}}