{"id":300840,"date":"2024-04-29T15:56:43","date_gmt":"2024-04-29T12:56:43","guid":{"rendered":"https:\/\/sana.sy\/tr\/?p=300840"},"modified":"2024-05-01T09:27:28","modified_gmt":"2024-05-01T06:27:28","slug":"bagdat-su-konferansi-oturum-aralarinda-su-kaynaklari-alaninda-suriye-iran-gorusmeleri-duzenlendi","status":"publish","type":"post","link":"https:\/\/archive.sana.sy\/tr\/?p=300840","title":{"rendered":"Ba\u011fdat Su Konferans\u0131 Oturum Aralar\u0131nda Su Kaynaklar\u0131 Alan\u0131nda Suriye-\u0130ran G\u00f6r\u00fc\u015fmeleri D\u00fczenlendi"},"content":{"rendered":"<p style=\"text-align: justify;\"><strong>BA\u011eDAT (SANA) &#8211;<\/strong> \u00a0Su Kaynaklar\u0131 Bakan\u0131 H\u00fcseyin Mahluf, D\u00f6rd\u00fcnc\u00fc Ba\u011fdat Su Konferans\u0131 oturum aralar\u0131nda \u0130ran Enerji Bakan Yard\u0131mc\u0131s\u0131 Muhammad Cevanbaht ile iki \u00fclke aras\u0131ndaki i\u015fbirli\u011fini ve koordinasyonu geli\u015ftirmenin yollar\u0131n\u0131 g\u00f6r\u00fc\u015ft\u00fc.<\/p>\n<p style=\"text-align: justify;\">Taraflar, \u00e7evresel ve kalk\u0131nma d\u00fczeyindeki \u00f6nemleri g\u00f6z \u00f6n\u00fcne al\u0131nd\u0131\u011f\u0131nda, su sekt\u00f6r\u00fcnde, \u00f6zellikle at\u0131k su ve yer alt\u0131 sulamaya y\u00f6nelik mekansal ar\u0131tma tesisleri alanlar\u0131nda teknik i\u015fbirli\u011finin ve deneyim al\u0131\u015fveri\u015finin \u00f6nemini vurgularken, modern teknolojilerin bu alanlarda uygulanmas\u0131n\u0131n somut olumlu etkilerini masya yat\u0131rd\u0131.<\/p>\n<p style=\"text-align: center;\"><strong><a href=\"https:\/\/t.me\/SuriyeArapHaberAjansI\">Telegram Kanal\u0131m\u0131z\u00a0<\/a>||<a href=\"https:\/\/twitter.com\/arap_ajans\">X Platformumuz\u00a0<\/a>||<a href=\"https:\/\/www.facebook.com\/SANAHaberAjansi\/\">Facebook Sayfam\u0131z<\/a><\/strong><\/p>\n","protected":false},"excerpt":{"rendered":"<p>BA\u011eDAT (SANA) &#8211; \u00a0Su Kaynaklar\u0131 Bakan\u0131 H\u00fcseyin Mahluf, D\u00f6rd\u00fcnc\u00fc Ba\u011fdat Su Konferans\u0131 oturum aralar\u0131nda \u0130ran Enerji Bakan Yard\u0131mc\u0131s\u0131 Muhammad Cevanbaht ile iki \u00fclke aras\u0131ndaki i\u015fbirli\u011fini ve koordinasyonu geli\u015ftirmenin yollar\u0131n\u0131 g\u00f6r\u00fc\u015ft\u00fc. Taraflar, \u00e7evresel ve kalk\u0131nma d\u00fczeyindeki \u00f6nemleri g\u00f6z \u00f6n\u00fcne al\u0131nd\u0131\u011f\u0131nda, su sekt\u00f6r\u00fcnde, \u00f6zellikle at\u0131k su ve yer alt\u0131 sulamaya y\u00f6nelik mekansal ar\u0131tma tesisleri alanlar\u0131nda teknik i\u015fbirli\u011finin &hellip;<\/p>\n","protected":false},"author":41,"featured_media":300841,"comment_status":"closed","ping_status":"closed","sticky":false,"template":"","format":"standard","meta":{"footnotes":""},"categories":[458,485,486,459,17988],"tags":[41271],"class_list":["post-300840","post","type-post","status-publish","format-standard","has-post-thumbnail","","category-dunya1","category-is-ve-sermaye","category-haberler-is-ve-sermaye","category-haberler-arap-uluslararasi-politika","category-son-haberler","tag-bagdat-su-konferansi-oturum-aralarinda-su-kaynaklari-alaninda-suriye-iran-gorusmeleri-duzenlendi"],"_links":{"self":[{"href":"https:\/\/archive.sana.sy\/tr\/index.php?rest_route=\/wp\/v2\/posts\/300840","targetHints":{"allow":["GET"]}}],"collection":[{"href":"https:\/\/archive.sana.sy\/tr\/index.php?rest_route=\/wp\/v2\/posts"}],"about":[{"href":"https:\/\/archive.sana.sy\/tr\/index.php?rest_route=\/wp\/v2\/types\/post"}],"author":[{"embeddable":true,"href":"https:\/\/archive.sana.sy\/tr\/index.php?rest_route=\/wp\/v2\/users\/41"}],"replies":[{"embeddable":true,"href":"https:\/\/archive.sana.sy\/tr\/index.php?rest_route=%2Fwp%2Fv2%2Fcomments&post=300840"}],"version-history":[{"count":1,"href":"https:\/\/archive.sana.sy\/tr\/index.php?rest_route=\/wp\/v2\/posts\/300840\/revisions"}],"predecessor-version":[{"id":300842,"href":"https:\/\/archive.sana.sy\/tr\/index.php?rest_route=\/wp\/v2\/posts\/300840\/revisions\/300842"}],"wp:featuredmedia":[{"embeddable":true,"href":"https:\/\/archive.sana.sy\/tr\/index.php?rest_route=\/wp\/v2\/media\/300841"}],"wp:attachment":[{"href":"https:\/\/archive.sana.sy\/tr\/index.php?rest_route=%2Fwp%2Fv2%2Fmedia&parent=300840"}],"wp:term":[{"taxonomy":"category","embeddable":true,"href":"https:\/\/archive.sana.sy\/tr\/index.php?rest_route=%2Fwp%2Fv2%2Fcategories&post=300840"},{"taxonomy":"post_tag","embeddable":true,"href":"https:\/\/archive.sana.sy\/tr\/index.php?rest_route=%2Fwp%2Fv2%2Ftags&post=300840"}],"curies":[{"name":"wp","href":"https:\/\/api.w.org\/{rel}","templated":true}]}}