{"id":300843,"date":"2024-04-29T17:10:38","date_gmt":"2024-04-29T14:10:38","guid":{"rendered":"https:\/\/sana.sy\/tr\/?p=300843"},"modified":"2024-05-01T09:28:10","modified_gmt":"2024-05-01T06:28:10","slug":"toz-firtinasi-deyrezzor-valiligini-etkiliyor","status":"publish","type":"post","link":"https:\/\/archive.sana.sy\/tr\/?p=300843","title":{"rendered":"Toz F\u0131rt\u0131nas\u0131 Deyrezzor Valili\u011fini Etkiledi"},"content":{"rendered":"<p style=\"text-align: justify;\"><strong>DEYREZZOR (SANA) &#8211;<\/strong> \u00a0Valili\u011fi, g\u00f6r\u00fc\u015f mesafesinin azalmas\u0131na neden olan kuvvetli toz y\u00fckl\u00fc r\u00fczgarlar\u0131n e\u015flik etti\u011fi bir toz f\u0131rt\u0131nas\u0131na maruz kal\u0131yor.<\/p>\n<p style=\"text-align: justify;\"><img loading=\"lazy\" decoding=\"async\" class=\"size-full wp-image-300845 alignright\" src=\"http:\/\/sana.sy\/tr\/wp-content\/uploads\/2024\/04\/photo_2024-04-29_16-11-23-300x169-1.jpg\" alt=\"\" width=\"300\" height=\"169\" \/>Deyrezzor Sa\u011fl\u0131k M\u00fcd\u00fcrl\u00fc\u011f\u00fc, bug\u00fcn \u00f6\u011fleden sonra kenti etkilemeye ba\u015flayan f\u0131rt\u0131nan\u0131n ard\u0131ndan hastane ve sa\u011fl\u0131k noktalar\u0131nda haz\u0131rl\u0131klar\u0131n art\u0131r\u0131ld\u0131\u011f\u0131n\u0131 duyurdu.<\/p>\n<p style=\"text-align: justify;\">Sa\u011fl\u0131k M\u00fcd\u00fcr\u00fc Mamuz Hiza, SANA muhabirine yapt\u0131\u011f\u0131 a\u00e7\u0131klamada, m\u00fcd\u00fcrl\u00fc\u011f\u00fcn bu ortamda artan ast\u0131m hastalar\u0131 i\u00e7in ambulans vakalar\u0131n\u0131 almaya haz\u0131r oldu\u011funu belirterek, ast\u0131m hastalar\u0131 ba\u015fta olmak \u00fczere genel olarak vatanda\u015flara, sa\u011fl\u0131klar\u0131n\u0131 korumak amac\u0131yla toz f\u0131rt\u0131nas\u0131n\u0131n \u015fiddeti azal\u0131ncaya kadar zorunlu olmad\u0131k\u00e7a bu durumlarda d\u0131\u015far\u0131 \u00e7\u0131kmamalar\u0131 \u00e7a\u011fr\u0131s\u0131nda bulundu.<\/p>\n<p style=\"text-align: center;\"><strong><a href=\"https:\/\/t.me\/SuriyeArapHaberAjansI\">Telegram Kanal\u0131m\u0131z\u00a0<\/a>||<a href=\"https:\/\/twitter.com\/arap_ajans\">X Platformumuz\u00a0<\/a>||<a href=\"https:\/\/www.facebook.com\/SANAHaberAjansi\/\">Facebook Sayfam\u0131z<\/a><\/strong><\/p>\n","protected":false},"excerpt":{"rendered":"<p>DEYREZZOR (SANA) &#8211; \u00a0Valili\u011fi, g\u00f6r\u00fc\u015f mesafesinin azalmas\u0131na neden olan kuvvetli toz y\u00fckl\u00fc r\u00fczgarlar\u0131n e\u015flik etti\u011fi bir toz f\u0131rt\u0131nas\u0131na maruz kal\u0131yor. Deyrezzor Sa\u011fl\u0131k M\u00fcd\u00fcrl\u00fc\u011f\u00fc, bug\u00fcn \u00f6\u011fleden sonra kenti etkilemeye ba\u015flayan f\u0131rt\u0131nan\u0131n ard\u0131ndan hastane ve sa\u011fl\u0131k noktalar\u0131nda haz\u0131rl\u0131klar\u0131n art\u0131r\u0131ld\u0131\u011f\u0131n\u0131 duyurdu. Sa\u011fl\u0131k M\u00fcd\u00fcr\u00fc Mamuz Hiza, SANA muhabirine yapt\u0131\u011f\u0131 a\u00e7\u0131klamada, m\u00fcd\u00fcrl\u00fc\u011f\u00fcn bu ortamda artan ast\u0131m hastalar\u0131 i\u00e7in ambulans vakalar\u0131n\u0131 &hellip;<\/p>\n","protected":false},"author":41,"featured_media":300844,"comment_status":"closed","ping_status":"closed","sticky":false,"template":"","format":"standard","meta":{"footnotes":""},"categories":[1],"tags":[41272],"class_list":["post-300843","post","type-post","status-publish","format-standard","has-post-thumbnail","","category-news-not-sorted","tag-toz-firtinasi-deyrezzor-valiligini-etkiliyor"],"_links":{"self":[{"href":"https:\/\/archive.sana.sy\/tr\/index.php?rest_route=\/wp\/v2\/posts\/300843","targetHints":{"allow":["GET"]}}],"collection":[{"href":"https:\/\/archive.sana.sy\/tr\/index.php?rest_route=\/wp\/v2\/posts"}],"about":[{"href":"https:\/\/archive.sana.sy\/tr\/index.php?rest_route=\/wp\/v2\/types\/post"}],"author":[{"embeddable":true,"href":"https:\/\/archive.sana.sy\/tr\/index.php?rest_route=\/wp\/v2\/users\/41"}],"replies":[{"embeddable":true,"href":"https:\/\/archive.sana.sy\/tr\/index.php?rest_route=%2Fwp%2Fv2%2Fcomments&post=300843"}],"version-history":[{"count":3,"href":"https:\/\/archive.sana.sy\/tr\/index.php?rest_route=\/wp\/v2\/posts\/300843\/revisions"}],"predecessor-version":[{"id":300858,"href":"https:\/\/archive.sana.sy\/tr\/index.php?rest_route=\/wp\/v2\/posts\/300843\/revisions\/300858"}],"wp:featuredmedia":[{"embeddable":true,"href":"https:\/\/archive.sana.sy\/tr\/index.php?rest_route=\/wp\/v2\/media\/300844"}],"wp:attachment":[{"href":"https:\/\/archive.sana.sy\/tr\/index.php?rest_route=%2Fwp%2Fv2%2Fmedia&parent=300843"}],"wp:term":[{"taxonomy":"category","embeddable":true,"href":"https:\/\/archive.sana.sy\/tr\/index.php?rest_route=%2Fwp%2Fv2%2Fcategories&post=300843"},{"taxonomy":"post_tag","embeddable":true,"href":"https:\/\/archive.sana.sy\/tr\/index.php?rest_route=%2Fwp%2Fv2%2Ftags&post=300843"}],"curies":[{"name":"wp","href":"https:\/\/api.w.org\/{rel}","templated":true}]}}