{"id":300855,"date":"2024-04-29T18:24:56","date_gmt":"2024-04-29T15:24:56","guid":{"rendered":"https:\/\/sana.sy\/tr\/?p=300855"},"modified":"2024-05-01T09:29:32","modified_gmt":"2024-05-01T06:29:32","slug":"mahluf-irakli-ve-tunuslu-mevkidaslariyla-su-ve-sulama-sektorlerinde-isbirligi-ve-deneyim-alisverisini-gorustu","status":"publish","type":"post","link":"https:\/\/archive.sana.sy\/tr\/?p=300855","title":{"rendered":"Mahluf, Irakl\u0131 Ve Tunuslu Mevkida\u015flar\u0131yla Su Ve Sulama Sekt\u00f6rlerinde \u0130\u015fbirli\u011fi Ve Deneyim Al\u0131\u015fveri\u015fini G\u00f6r\u00fc\u015ft\u00fc"},"content":{"rendered":"<p style=\"text-align: justify;\"><strong>BA\u011eDAT (SANA)<\/strong> &#8211; Su Kaynaklar\u0131 Bakan\u0131 H\u00fcseyin Mahluf ve Irakl\u0131 mevkida\u015f\u0131 Avin Diyab \u00a0Abdullah, iki \u00fclkedeki mevcut su ger\u00e7ekli\u011fini, bunun yaratt\u0131\u011f\u0131 zorluklar\u0131 ve \u00e7\u00f6z\u00fcme y\u00f6nelik gelecek planlar\u0131n\u0131 ve vizyonlar\u0131n\u0131 masaya yat\u0131rd\u0131lar.<\/p>\n<p style=\"text-align: justify;\">G\u00f6r\u00fc\u015fmede, D\u00f6rd\u00fcnc\u00fc Ba\u011fdat Su Konferans\u0131 oturum aralar\u0131nda, iklim de\u011fi\u015fikli\u011fi ve bunun sonucunda ortaya \u00e7\u0131kan sosyal, \u00e7evresel ve ekonomik etkiler \u0131\u015f\u0131\u011f\u0131nda g\u00fcncel veriler g\u00f6r\u00fc\u015f\u00fcld\u00fc ve de\u011ferlendirildi.<\/p>\n<p style=\"text-align: justify;\">G\u00f6r\u00fc\u015fmede ayr\u0131ca, g\u0131da g\u00fcvenli\u011fi ile su ger\u00e7ekli\u011fi aras\u0131ndaki temel ba\u011flant\u0131 masaya yatr\u0131ld\u0131.<\/p>\n<p style=\"text-align: justify;\">\u0130ki taraf, ortak i\u015fbirli\u011finin ve \u015fu anda y\u00fcr\u00fct\u00fclen teknik uzmanl\u0131k al\u0131\u015fveri\u015fi programlar\u0131n\u0131n devam etti\u011fini ve bunlar\u0131 gelecekte iki karde\u015f \u00fclkenin yarar\u0131na geli\u015ftirmek i\u00e7in \u00e7al\u0131\u015ft\u0131klar\u0131n\u0131 vurgulad\u0131.<\/p>\n<p style=\"text-align: center;\"><strong><a href=\"https:\/\/t.me\/SuriyeArapHaberAjansI\">Telegram Kanal\u0131m\u0131z\u00a0<\/a>||<a href=\"https:\/\/twitter.com\/arap_ajans\">X Platformumuz\u00a0<\/a>||<a href=\"https:\/\/www.facebook.com\/SANAHaberAjansi\/\">Facebook Sayfam\u0131z<\/a><\/strong><\/p>\n","protected":false},"excerpt":{"rendered":"<p>BA\u011eDAT (SANA) &#8211; Su Kaynaklar\u0131 Bakan\u0131 H\u00fcseyin Mahluf ve Irakl\u0131 mevkida\u015f\u0131 Avin Diyab \u00a0Abdullah, iki \u00fclkedeki mevcut su ger\u00e7ekli\u011fini, bunun yaratt\u0131\u011f\u0131 zorluklar\u0131 ve \u00e7\u00f6z\u00fcme y\u00f6nelik gelecek planlar\u0131n\u0131 ve vizyonlar\u0131n\u0131 masaya yat\u0131rd\u0131lar. G\u00f6r\u00fc\u015fmede, D\u00f6rd\u00fcnc\u00fc Ba\u011fdat Su Konferans\u0131 oturum aralar\u0131nda, iklim de\u011fi\u015fikli\u011fi ve bunun sonucunda ortaya \u00e7\u0131kan sosyal, \u00e7evresel ve ekonomik etkiler \u0131\u015f\u0131\u011f\u0131nda g\u00fcncel veriler g\u00f6r\u00fc\u015f\u00fcld\u00fc ve &hellip;<\/p>\n","protected":false},"author":41,"featured_media":300857,"comment_status":"closed","ping_status":"closed","sticky":false,"template":"","format":"standard","meta":{"footnotes":""},"categories":[458,485,486,459,17988],"tags":[41273,39048],"class_list":["post-300855","post","type-post","status-publish","format-standard","has-post-thumbnail","","category-dunya1","category-is-ve-sermaye","category-haberler-is-ve-sermaye","category-haberler-arap-uluslararasi-politika","category-son-haberler","tag-irakli-ve-tunuslu-mevkidaslariyla-su-ve-sulama-sektorlerinde-isbirligi-ve-deneyim-alisverisini-gorustu","tag-mahluf"],"_links":{"self":[{"href":"https:\/\/archive.sana.sy\/tr\/index.php?rest_route=\/wp\/v2\/posts\/300855","targetHints":{"allow":["GET"]}}],"collection":[{"href":"https:\/\/archive.sana.sy\/tr\/index.php?rest_route=\/wp\/v2\/posts"}],"about":[{"href":"https:\/\/archive.sana.sy\/tr\/index.php?rest_route=\/wp\/v2\/types\/post"}],"author":[{"embeddable":true,"href":"https:\/\/archive.sana.sy\/tr\/index.php?rest_route=\/wp\/v2\/users\/41"}],"replies":[{"embeddable":true,"href":"https:\/\/archive.sana.sy\/tr\/index.php?rest_route=%2Fwp%2Fv2%2Fcomments&post=300855"}],"version-history":[{"count":1,"href":"https:\/\/archive.sana.sy\/tr\/index.php?rest_route=\/wp\/v2\/posts\/300855\/revisions"}],"predecessor-version":[{"id":300856,"href":"https:\/\/archive.sana.sy\/tr\/index.php?rest_route=\/wp\/v2\/posts\/300855\/revisions\/300856"}],"wp:featuredmedia":[{"embeddable":true,"href":"https:\/\/archive.sana.sy\/tr\/index.php?rest_route=\/wp\/v2\/media\/300857"}],"wp:attachment":[{"href":"https:\/\/archive.sana.sy\/tr\/index.php?rest_route=%2Fwp%2Fv2%2Fmedia&parent=300855"}],"wp:term":[{"taxonomy":"category","embeddable":true,"href":"https:\/\/archive.sana.sy\/tr\/index.php?rest_route=%2Fwp%2Fv2%2Fcategories&post=300855"},{"taxonomy":"post_tag","embeddable":true,"href":"https:\/\/archive.sana.sy\/tr\/index.php?rest_route=%2Fwp%2Fv2%2Ftags&post=300855"}],"curies":[{"name":"wp","href":"https:\/\/api.w.org\/{rel}","templated":true}]}}