{"id":300971,"date":"2024-05-01T17:46:38","date_gmt":"2024-05-01T14:46:38","guid":{"rendered":"https:\/\/sana.sy\/tr\/?p=300971"},"modified":"2024-05-02T12:31:48","modified_gmt":"2024-05-02T09:31:48","slug":"arap-ve-yabancilarin-katilimiyla-suriye-oftalmologlar-derneginin-kirk-birinci-yillik-konferansi-samda-duzenlendi","status":"publish","type":"post","link":"https:\/\/archive.sana.sy\/tr\/?p=300971","title":{"rendered":"Arap Ve Yabanc\u0131lar\u0131n Kat\u0131l\u0131m\u0131yla&#8230; Suriye Oftalmologlar Derne\u011fi&#8217;nin K\u0131rk Birinci Y\u0131ll\u0131k Konferans\u0131 \u015eam&#8217;da D\u00fczenlendi"},"content":{"rendered":"<p style=\"text-align: justify;\"><strong>\u015eAM (SANA)<\/strong> &#8211; Arap ve yabanc\u0131 \u00fclkelerden 25&#8217;in \u00fczerinde doktorun kat\u0131l\u0131m\u0131yla, Suriye Oftalmologlar Derne\u011fi&#8217;nin k\u0131rk birinci y\u0131ll\u0131k konferans\u0131, \u00e7e\u015fitli g\u00f6z hastal\u0131klar\u0131n\u0131n tan\u0131 ve tedavisinde uzmanl\u0131\u011f\u0131 geli\u015ftirmek ve uluslararas\u0131 d\u00fczeylere ilerlemek amac\u0131yla bug\u00fcn \u015eam&#8217;daki Sheraton Otel&#8217;de ba\u015flad\u0131.<\/p>\n<p style=\"text-align: justify;\">Suriye Oftalmologlar Derne\u011fi Ba\u015fkan\u0131 Dr. Enes El Cerad&#8217;a g\u00f6re bu ay\u0131n 3&#8217;\u00fcne kadar devam edecek olan konferansa, internet yoluyla da dahil olmak \u00fczere M\u0131s\u0131r, L\u00fcbnan, Yemen, Pakistan, Kuveyt, Rusya, \u0130ngiltere ve Brezilya&#8217;dan gelen d\u0131\u015f katk\u0131lara ek olarak, \u00e7ok say\u0131da oftalmoloji ve cerrahi uzman\u0131 kat\u0131lacak.<\/p>\n<p style=\"text-align: justify;\">Konferansa, \u00e7ok say\u0131da ila\u00e7 firmas\u0131n\u0131n \u00fcr\u00fcnlerinin yan\u0131 s\u0131ra g\u00f6z hastal\u0131klar\u0131 ve cerrahisine ili\u015fkin en son t\u0131bbi cihaz ve teknolojilerin yer ald\u0131\u011f\u0131 bir t\u0131bbi sergi de e\u015flik edecek.<\/p>\n<div id='gallery-1' class='gallery galleryid-300971 gallery-columns-3 gallery-size-thumbnail'><figure class='gallery-item'>\n\t\t\t<div class='gallery-icon landscape'>\n\t\t\t\t<a href='https:\/\/archive.sana.sy\/tr\/?attachment_id=300973'><img loading=\"lazy\" decoding=\"async\" width=\"150\" height=\"150\" src=\"https:\/\/archive.sana.sy\/tr\/wp-content\/uploads\/2024\/05\/5-150x150.jpg\" class=\"attachment-thumbnail size-thumbnail\" alt=\"\" \/><\/a>\n\t\t\t<\/div><\/figure><figure class='gallery-item'>\n\t\t\t<div class='gallery-icon landscape'>\n\t\t\t\t<a href='https:\/\/archive.sana.sy\/tr\/?attachment_id=300974'><img loading=\"lazy\" decoding=\"async\" width=\"150\" height=\"150\" src=\"https:\/\/archive.sana.sy\/tr\/wp-content\/uploads\/2024\/05\/4-150x150.jpg\" class=\"attachment-thumbnail size-thumbnail\" alt=\"\" \/><\/a>\n\t\t\t<\/div><\/figure><figure class='gallery-item'>\n\t\t\t<div class='gallery-icon landscape'>\n\t\t\t\t<a href='https:\/\/archive.sana.sy\/tr\/?attachment_id=300975'><img loading=\"lazy\" decoding=\"async\" width=\"150\" height=\"150\" src=\"https:\/\/archive.sana.sy\/tr\/wp-content\/uploads\/2024\/05\/3-150x150.jpg\" class=\"attachment-thumbnail size-thumbnail\" alt=\"\" \/><\/a>\n\t\t\t<\/div><\/figure><figure class='gallery-item'>\n\t\t\t<div class='gallery-icon landscape'>\n\t\t\t\t<a href='https:\/\/archive.sana.sy\/tr\/?attachment_id=300976'><img loading=\"lazy\" decoding=\"async\" width=\"150\" height=\"150\" src=\"https:\/\/archive.sana.sy\/tr\/wp-content\/uploads\/2024\/05\/2-1-150x150.jpg\" class=\"attachment-thumbnail size-thumbnail\" alt=\"\" \/><\/a>\n\t\t\t<\/div><\/figure><figure class='gallery-item'>\n\t\t\t<div class='gallery-icon landscape'>\n\t\t\t\t<a href='https:\/\/archive.sana.sy\/tr\/?attachment_id=300977'><img loading=\"lazy\" decoding=\"async\" width=\"150\" height=\"150\" src=\"https:\/\/archive.sana.sy\/tr\/wp-content\/uploads\/2024\/05\/6-150x150.jpg\" class=\"attachment-thumbnail size-thumbnail\" alt=\"\" \/><\/a>\n\t\t\t<\/div><\/figure><figure class='gallery-item'>\n\t\t\t<div class='gallery-icon landscape'>\n\t\t\t\t<a href='https:\/\/archive.sana.sy\/tr\/?attachment_id=300978'><img loading=\"lazy\" decoding=\"async\" width=\"150\" height=\"150\" src=\"https:\/\/archive.sana.sy\/tr\/wp-content\/uploads\/2024\/05\/DSC_4377-copy-150x150.jpg\" class=\"attachment-thumbnail size-thumbnail\" alt=\"\" \/><\/a>\n\t\t\t<\/div><\/figure>\n\t\t<\/div>\n\n<p style=\"text-align: center;\"><strong><a href=\"https:\/\/t.me\/SuriyeArapHaberAjansI\">Telegram Kanal\u0131m\u0131z\u00a0<\/a>||<a href=\"https:\/\/twitter.com\/arap_ajans\">X Platformumuz\u00a0<\/a>||<a href=\"https:\/\/www.facebook.com\/SANAHaberAjansi\/\">Facebook Sayfam\u0131z<\/a><\/strong><\/p>\n","protected":false},"excerpt":{"rendered":"<p>\u015eAM (SANA) &#8211; Arap ve yabanc\u0131 \u00fclkelerden 25&#8217;in \u00fczerinde doktorun kat\u0131l\u0131m\u0131yla, Suriye Oftalmologlar Derne\u011fi&#8217;nin k\u0131rk birinci y\u0131ll\u0131k konferans\u0131, \u00e7e\u015fitli g\u00f6z hastal\u0131klar\u0131n\u0131n tan\u0131 ve tedavisinde uzmanl\u0131\u011f\u0131 geli\u015ftirmek ve uluslararas\u0131 d\u00fczeylere ilerlemek amac\u0131yla bug\u00fcn \u015eam&#8217;daki Sheraton Otel&#8217;de ba\u015flad\u0131. Suriye Oftalmologlar Derne\u011fi Ba\u015fkan\u0131 Dr. Enes El Cerad&#8217;a g\u00f6re bu ay\u0131n 3&#8217;\u00fcne kadar devam edecek olan konferansa, internet yoluyla &hellip;<\/p>\n","protected":false},"author":41,"featured_media":300972,"comment_status":"closed","ping_status":"closed","sticky":false,"template":"","format":"standard","meta":{"footnotes":""},"categories":[479,17988,478],"tags":[41295],"class_list":["post-300971","post","type-post","status-publish","format-standard","has-post-thumbnail","","category-haberler-yerel","category-son-haberler","category-yerel","tag-arap-ve-yabancilarin-katilimiyla-suriye-oftalmologlar-derneginin-kirk-birinci-yillik-konferansi-samda-duzenlendi"],"_links":{"self":[{"href":"https:\/\/archive.sana.sy\/tr\/index.php?rest_route=\/wp\/v2\/posts\/300971","targetHints":{"allow":["GET"]}}],"collection":[{"href":"https:\/\/archive.sana.sy\/tr\/index.php?rest_route=\/wp\/v2\/posts"}],"about":[{"href":"https:\/\/archive.sana.sy\/tr\/index.php?rest_route=\/wp\/v2\/types\/post"}],"author":[{"embeddable":true,"href":"https:\/\/archive.sana.sy\/tr\/index.php?rest_route=\/wp\/v2\/users\/41"}],"replies":[{"embeddable":true,"href":"https:\/\/archive.sana.sy\/tr\/index.php?rest_route=%2Fwp%2Fv2%2Fcomments&post=300971"}],"version-history":[{"count":1,"href":"https:\/\/archive.sana.sy\/tr\/index.php?rest_route=\/wp\/v2\/posts\/300971\/revisions"}],"predecessor-version":[{"id":300979,"href":"https:\/\/archive.sana.sy\/tr\/index.php?rest_route=\/wp\/v2\/posts\/300971\/revisions\/300979"}],"wp:featuredmedia":[{"embeddable":true,"href":"https:\/\/archive.sana.sy\/tr\/index.php?rest_route=\/wp\/v2\/media\/300972"}],"wp:attachment":[{"href":"https:\/\/archive.sana.sy\/tr\/index.php?rest_route=%2Fwp%2Fv2%2Fmedia&parent=300971"}],"wp:term":[{"taxonomy":"category","embeddable":true,"href":"https:\/\/archive.sana.sy\/tr\/index.php?rest_route=%2Fwp%2Fv2%2Fcategories&post=300971"},{"taxonomy":"post_tag","embeddable":true,"href":"https:\/\/archive.sana.sy\/tr\/index.php?rest_route=%2Fwp%2Fv2%2Ftags&post=300971"}],"curies":[{"name":"wp","href":"https:\/\/api.w.org\/{rel}","templated":true}]}}