{"id":300991,"date":"2024-05-02T10:39:01","date_gmt":"2024-05-02T07:39:01","guid":{"rendered":"https:\/\/sana.sy\/tr\/?p=300991"},"modified":"2024-05-04T09:29:33","modified_gmt":"2024-05-04T06:29:33","slug":"suriye-iran-arasinda-ekonomik-isbirliginin-artirilmasi-ve-gelistirilmesine-iliskin-gorusmeler","status":"publish","type":"post","link":"https:\/\/archive.sana.sy\/tr\/?p=300991","title":{"rendered":"Suriye-\u0130ran Aras\u0131nda Ekonomik \u0130\u015fbirli\u011finin Art\u0131r\u0131lmas\u0131 Ve Geli\u015ftirilmesine \u0130li\u015fkin G\u00f6r\u00fc\u015fmeler"},"content":{"rendered":"<p style=\"text-align: justify;\"><strong>TAHRAN (SANA) \u2013<\/strong> Suriye&#8217;nin Tahran B\u00fcy\u00fckel\u00e7isi \u015eefik Deyup ve Suriye Ticaret Odalar\u0131 Federasyonu Ba\u015fkan\u0131 Muhammed Ebu Huda El Laham, \u0130ran Ticaret, Sanayi, Maden ve Tar\u0131m Odas\u0131 ba\u015fkan\u0131 Samad Hasanzadeh ile Suriye ile \u0130ran aras\u0131ndaki ekonomik ili\u015fkileri g\u00fc\u00e7lendirmenin ve geli\u015ftirmenin yollar\u0131n\u0131 g\u00f6r\u00fc\u015ft\u00fc.<\/p>\n<p style=\"text-align: justify;\"><img loading=\"lazy\" decoding=\"async\" class=\"size-full wp-image-300993 alignright\" src=\"http:\/\/sana.sy\/tr\/wp-content\/uploads\/2024\/05\/Untitled-3-copy-1-300x225-1.jpg\" alt=\"\" width=\"300\" height=\"225\" \/>B\u00fcy\u00fckel\u00e7i Deyup, Suriye ile \u0130ran aras\u0131ndaki siyasi ve tarihi ili\u015fkilere dikkat \u00e7ekerek, Suriye&#8217;nin ekonomik akt\u00f6rlere yat\u0131r\u0131m ama\u00e7l\u0131 kolayl\u0131klar sa\u011flamaya tam haz\u0131r oldu\u011funu vurgulad\u0131.<\/p>\n<p style=\"text-align: justify;\">Deyup ayr\u0131ca, iki \u00fclke aras\u0131ndaki mali transferler, tercihli ticaret, g\u00fcmr\u00fck vergilerinin iptali ve serbest ticaretle ilgili sorunlar\u0131n \u00e7\u00f6z\u00fcm\u00fc i\u00e7in \u00e7aba sarf edildi\u011fini a\u00e7\u0131klayarak, Suriye ile \u0130ran aras\u0131ndaki \u00f6zel sekt\u00f6r i\u015f birli\u011finde liderlik rol\u00fcn\u00fcn olu\u015fturulmas\u0131n\u0131n \u00f6nemine dikkat \u00e7ekti.<\/p>\n<p style=\"text-align: justify;\">Kendi y\u00f6n\u00fcnden Hasanzade ise, \u0130ran \u00f6zel sekt\u00f6r\u00fcn\u00fcn Suriye&#8217;de sava\u015f nedeniyle yok edilen altyap\u0131, sanayi ve yat\u0131r\u0131m sekt\u00f6rlerinin yeniden in\u015fas\u0131nda i\u015fbirli\u011fi yapmaya haz\u0131r oldu\u011funu vurgulayarak, ekonomik i\u015fbirli\u011finin geli\u015ftirilmesinin, iki \u00fclke aras\u0131nda d\u00fczenli ula\u015f\u0131m hatlar\u0131 ve bankac\u0131l\u0131k al\u0131\u015fveri\u015fi olu\u015fturulmas\u0131n\u0131 ve bunu \u00f6nleyen t\u00fcm engellerin \u00fcstesinden gelmeyi gerektirdi\u011fini belirtti.<\/p>\n<p style=\"text-align: justify;\">Suriye Ticaret Odalar\u0131 Federasyonu Ba\u015fkan\u0131 Muhammed Ebu El Huda El Laham ise iki \u00fclke aras\u0131ndaki ticari al\u0131\u015fveri\u015f hacminin, aralar\u0131ndaki ticari ve siyasi ili\u015fkilerin derinli\u011fi ile orant\u0131l\u0131 olmad\u0131\u011f\u0131n\u0131 a\u00e7\u0131klayarak, Finansal ve Ula\u015f\u0131m Alanlar\u0131nda iki \u00fclke aras\u0131ndaki i\u015fbirli\u011finin t\u00fcm engellerini ortadan kald\u0131rmak i\u00e7in Suriye&#8217;deki \u00f6zel sekt\u00f6r\u00fcn haz\u0131rl\u0131\u011f\u0131n\u0131 ifade etti.<\/p>\n<p style=\"text-align: justify;\">El Laham, \u0130ranl\u0131 ekonomik akt\u00f6rlerin Suriye&#8217;nin yeniden in\u015fa projelerine kat\u0131lmas\u0131n\u0131 memnuniyetle kar\u015f\u0131layarak, \u0130ran Odas\u0131&#8217;na Suriye&#8217;nin kalk\u0131nmas\u0131 ve yeniden in\u015fas\u0131 i\u00e7in bir \u00f6ncelikler listesi sunabiliriz ve iki \u00fclke aras\u0131ndaki yat\u0131r\u0131mlar\u0131 ve ortak projeleri de memnuniyetle kar\u015f\u0131l\u0131yoruz&#8221; dedi.<\/p>\n<p style=\"text-align: center;\"><strong><a href=\"https:\/\/t.me\/SuriyeArapHaberAjansI\">Telegram Kanal\u0131m\u0131z\u00a0<\/a>||<a href=\"https:\/\/twitter.com\/arap_ajans\">X Platformumuz\u00a0<\/a>||<a href=\"https:\/\/www.facebook.com\/SANAHaberAjansi\/\">Facebook Sayfam\u0131z<\/a><\/strong><\/p>\n<p>&nbsp;<\/p>\n","protected":false},"excerpt":{"rendered":"<p>TAHRAN (SANA) \u2013 Suriye&#8217;nin Tahran B\u00fcy\u00fckel\u00e7isi \u015eefik Deyup ve Suriye Ticaret Odalar\u0131 Federasyonu Ba\u015fkan\u0131 Muhammed Ebu Huda El Laham, \u0130ran Ticaret, Sanayi, Maden ve Tar\u0131m Odas\u0131 ba\u015fkan\u0131 Samad Hasanzadeh ile Suriye ile \u0130ran aras\u0131ndaki ekonomik ili\u015fkileri g\u00fc\u00e7lendirmenin ve geli\u015ftirmenin yollar\u0131n\u0131 g\u00f6r\u00fc\u015ft\u00fc. B\u00fcy\u00fckel\u00e7i Deyup, Suriye ile \u0130ran aras\u0131ndaki siyasi ve tarihi ili\u015fkilere dikkat \u00e7ekerek, Suriye&#8217;nin ekonomik &hellip;<\/p>\n","protected":false},"author":39,"featured_media":300992,"comment_status":"closed","ping_status":"closed","sticky":false,"template":"","format":"standard","meta":{"footnotes":""},"categories":[458,459,17988],"tags":[],"class_list":["post-300991","post","type-post","status-publish","format-standard","has-post-thumbnail","","category-dunya1","category-haberler-arap-uluslararasi-politika","category-son-haberler"],"_links":{"self":[{"href":"https:\/\/archive.sana.sy\/tr\/index.php?rest_route=\/wp\/v2\/posts\/300991","targetHints":{"allow":["GET"]}}],"collection":[{"href":"https:\/\/archive.sana.sy\/tr\/index.php?rest_route=\/wp\/v2\/posts"}],"about":[{"href":"https:\/\/archive.sana.sy\/tr\/index.php?rest_route=\/wp\/v2\/types\/post"}],"author":[{"embeddable":true,"href":"https:\/\/archive.sana.sy\/tr\/index.php?rest_route=\/wp\/v2\/users\/39"}],"replies":[{"embeddable":true,"href":"https:\/\/archive.sana.sy\/tr\/index.php?rest_route=%2Fwp%2Fv2%2Fcomments&post=300991"}],"version-history":[{"count":3,"href":"https:\/\/archive.sana.sy\/tr\/index.php?rest_route=\/wp\/v2\/posts\/300991\/revisions"}],"predecessor-version":[{"id":300996,"href":"https:\/\/archive.sana.sy\/tr\/index.php?rest_route=\/wp\/v2\/posts\/300991\/revisions\/300996"}],"wp:featuredmedia":[{"embeddable":true,"href":"https:\/\/archive.sana.sy\/tr\/index.php?rest_route=\/wp\/v2\/media\/300992"}],"wp:attachment":[{"href":"https:\/\/archive.sana.sy\/tr\/index.php?rest_route=%2Fwp%2Fv2%2Fmedia&parent=300991"}],"wp:term":[{"taxonomy":"category","embeddable":true,"href":"https:\/\/archive.sana.sy\/tr\/index.php?rest_route=%2Fwp%2Fv2%2Fcategories&post=300991"},{"taxonomy":"post_tag","embeddable":true,"href":"https:\/\/archive.sana.sy\/tr\/index.php?rest_route=%2Fwp%2Fv2%2Ftags&post=300991"}],"curies":[{"name":"wp","href":"https:\/\/api.w.org\/{rel}","templated":true}]}}