{"id":300997,"date":"2024-05-02T12:07:20","date_gmt":"2024-05-02T09:07:20","guid":{"rendered":"https:\/\/sana.sy\/tr\/?p=300997"},"modified":"2024-05-04T09:29:38","modified_gmt":"2024-05-04T06:29:38","slug":"aksa-tufani-operasyonu-bugunun-en-one-cikan-gelismeleri-122","status":"publish","type":"post","link":"https:\/\/archive.sana.sy\/tr\/?p=300997","title":{"rendered":"Aksa Tufan\u0131 Operasyonu\u2026 Bug\u00fcn\u00fcn En \u00d6ne \u00c7\u0131kan Geli\u015fmeleri"},"content":{"rendered":"<p style=\"text-align: justify;\"><strong>\u0130\u015eGAL ED\u0130LEN KUD\u00dcS (SANA) \u2013 <\/strong>Filistin direni\u015finin i\u015fgalci \u0130srail\u2019in sald\u0131rganl\u0131\u011f\u0131na yan\u0131t olarak 7 Ekim\u2019de ba\u015flatt\u0131\u011f\u0131 Aksa Tufan\u0131 Operasyonu\u2019nda \u00f6ne \u00e7\u0131kan geli\u015fmeler:<\/p>\n<ul style=\"text-align: justify;\">\n<li>\u0130\u015fgalci \u0130srail, bu y\u0131l\u0131n ba\u015f\u0131ndan bu yana 58&#8217;i dahil 500 Filistinli \u015fehidin cenazesine al\u0131koydu.<\/li>\n<li>Gazze \u015eeridi&#8217;nde son 24 saatte ya\u015fanan i\u015fgal katliamlar\u0131 sonucu 28 \u015fehit.<\/li>\n<li>\u0130srail&#8217;in Gazze \u015eeridi&#8217;nde 209&#8217;uncu g\u00fcn\u00fcnde devam eden sald\u0131rganl\u0131\u011f\u0131 sonucu onlarca \u015fehit ve yaral\u0131.<\/li>\n<li>Polis bask\u0131s\u0131n\u0131n ortas\u0131nda&#8230; \u0130srail&#8217;in Gazze&#8217;ye y\u00f6nelik sald\u0131rganl\u0131\u011f\u0131na son verilmesini talep eden protestolar Amerikan \u00fcniversitelerinde devam ediyor.<\/li>\n<li>Filistin Sa\u011fl\u0131k Bakanl\u0131\u011f\u0131: \u0130srail i\u015fgali son 4 saatte Gazze \u015eeridi&#8217;nde 3 katliam ger\u00e7ekle\u015ftirdi, 28 \u015fehit ve 51 ki\u015fi yaraland\u0131.<\/li>\n<\/ul>\n<p style=\"text-align: justify;\">Filistin Sa\u011fl\u0131k Bakanl\u0131\u011f\u0131: Gazze \u015eeridi&#8217;nde 209&#8217;uncu g\u00fcn\u00fcnde devam eden i\u015fgal sald\u0131r\u0131s\u0131nda hayat\u0131n\u0131 kaybedenlerin say\u0131s\u0131 34 bin 596 \u015fehit ve 77 bin 816 yaral\u0131ya y\u00fckseldi<\/p>\n<p style=\"text-align: center;\"><strong><a href=\"https:\/\/t.me\/SuriyeArapHaberAjansI\">Telegram Kanal\u0131m\u0131z\u00a0<\/a>||<a href=\"https:\/\/twitter.com\/arap_ajans\">X Platformumuz\u00a0<\/a>||<a href=\"https:\/\/www.facebook.com\/SANAHaberAjansi\/\">Facebook Sayfam\u0131z<\/a><\/strong><\/p>\n<p>&nbsp;<\/p>\n","protected":false},"excerpt":{"rendered":"<p>\u0130\u015eGAL ED\u0130LEN KUD\u00dcS (SANA) \u2013 Filistin direni\u015finin i\u015fgalci \u0130srail\u2019in sald\u0131rganl\u0131\u011f\u0131na yan\u0131t olarak 7 Ekim\u2019de ba\u015flatt\u0131\u011f\u0131 Aksa Tufan\u0131 Operasyonu\u2019nda \u00f6ne \u00e7\u0131kan geli\u015fmeler: \u0130\u015fgalci \u0130srail, bu y\u0131l\u0131n ba\u015f\u0131ndan bu yana 58&#8217;i dahil 500 Filistinli \u015fehidin cenazesine al\u0131koydu. Gazze \u015eeridi&#8217;nde son 24 saatte ya\u015fanan i\u015fgal katliamlar\u0131 sonucu 28 \u015fehit. \u0130srail&#8217;in Gazze \u015eeridi&#8217;nde 209&#8217;uncu g\u00fcn\u00fcnde devam eden sald\u0131rganl\u0131\u011f\u0131 sonucu &hellip;<\/p>\n","protected":false},"author":39,"featured_media":300998,"comment_status":"closed","ping_status":"closed","sticky":false,"template":"","format":"standard","meta":{"footnotes":""},"categories":[458,459,17988],"tags":[],"class_list":["post-300997","post","type-post","status-publish","format-standard","has-post-thumbnail","","category-dunya1","category-haberler-arap-uluslararasi-politika","category-son-haberler"],"_links":{"self":[{"href":"https:\/\/archive.sana.sy\/tr\/index.php?rest_route=\/wp\/v2\/posts\/300997","targetHints":{"allow":["GET"]}}],"collection":[{"href":"https:\/\/archive.sana.sy\/tr\/index.php?rest_route=\/wp\/v2\/posts"}],"about":[{"href":"https:\/\/archive.sana.sy\/tr\/index.php?rest_route=\/wp\/v2\/types\/post"}],"author":[{"embeddable":true,"href":"https:\/\/archive.sana.sy\/tr\/index.php?rest_route=\/wp\/v2\/users\/39"}],"replies":[{"embeddable":true,"href":"https:\/\/archive.sana.sy\/tr\/index.php?rest_route=%2Fwp%2Fv2%2Fcomments&post=300997"}],"version-history":[{"count":6,"href":"https:\/\/archive.sana.sy\/tr\/index.php?rest_route=\/wp\/v2\/posts\/300997\/revisions"}],"predecessor-version":[{"id":301013,"href":"https:\/\/archive.sana.sy\/tr\/index.php?rest_route=\/wp\/v2\/posts\/300997\/revisions\/301013"}],"wp:featuredmedia":[{"embeddable":true,"href":"https:\/\/archive.sana.sy\/tr\/index.php?rest_route=\/wp\/v2\/media\/300998"}],"wp:attachment":[{"href":"https:\/\/archive.sana.sy\/tr\/index.php?rest_route=%2Fwp%2Fv2%2Fmedia&parent=300997"}],"wp:term":[{"taxonomy":"category","embeddable":true,"href":"https:\/\/archive.sana.sy\/tr\/index.php?rest_route=%2Fwp%2Fv2%2Fcategories&post=300997"},{"taxonomy":"post_tag","embeddable":true,"href":"https:\/\/archive.sana.sy\/tr\/index.php?rest_route=%2Fwp%2Fv2%2Ftags&post=300997"}],"curies":[{"name":"wp","href":"https:\/\/api.w.org\/{rel}","templated":true}]}}