{"id":301006,"date":"2024-05-02T12:54:21","date_gmt":"2024-05-02T09:54:21","guid":{"rendered":"https:\/\/sana.sy\/tr\/?p=301006"},"modified":"2024-05-04T09:29:45","modified_gmt":"2024-05-04T06:29:45","slug":"israilin-gazze-seridinde-209uncu-gununde-devam-eden-saldirganligi-sonucu-onlarca-sehit-ve-yarali","status":"publish","type":"post","link":"https:\/\/archive.sana.sy\/tr\/?p=301006","title":{"rendered":"\u0130srail&#8217;in Gazze \u015eeridi&#8217;nde 209&#8217;uncu G\u00fcn\u00fcnde Devam Eden Sald\u0131rganl\u0131\u011f\u0131 Sonucu Onlarca \u015eehit Ve Yaral\u0131"},"content":{"rendered":"<p style=\"text-align: justify;\"><strong>\u0130\u015eGAL ED\u0130LEN KUD\u00dcS (SANA)<\/strong> \u2013 i\u015fgalci \u0130srail, ku\u015fatman\u0131n yol a\u00e7t\u0131\u011f\u0131 felaket insani durumun ortas\u0131nda, Gazze \u015eeridi&#8217;ne y\u00f6nelik sald\u0131rganl\u0131klar\u0131n\u0131 209&#8217;uncu g\u00fcn\u00fcnde de karadan, denizden ve havadan s\u00fcrd\u00fcr\u00fcyor, evleri, yerinden edilmi\u015f ki\u015filerin toplanma yerlerini ve sokaklar\u0131 hedef al\u0131yor, onlarca \u015fehit ve yaralanmaya neden oluyor.<\/p>\n<p style=\"text-align: justify;\">Filistin medyas\u0131, Gazze \u015eeridi&#8217;nin merkezindeki Nuseyrat kamp\u0131n\u0131n kuzeyindeki El Zahre \u015fehrine d\u00fczenlenen i\u015fgal bombard\u0131man\u0131nda 6 Filistinlinin \u015fehit d\u00fc\u015ft\u00fc\u011f\u00fcn\u00fc, i\u015fgal u\u00e7aklar\u0131n\u0131n kamp\u0131n kuzeybat\u0131 b\u00f6lgesine d\u00fczenledi\u011fi bir dizi hava sald\u0131r\u0131s\u0131 sonucu 3 ki\u015finin de d\u00fc\u015ft\u00fc\u011f\u00fcn\u00fc belirtti.<\/p>\n<p style=\"text-align: justify;\">Han Yunus \u015fehrinin g\u00fcneydo\u011fusundaki Kaa el Kureyn b\u00f6lgesine y\u00f6nelik i\u015fgal sald\u0131r\u0131s\u0131nda bir Filistinli \u015fehit d\u00fc\u015ft\u00fc, \u00e7ok say\u0131da ki\u015fi de yaraland\u0131, kentin do\u011fusundaki Bani Suhaila, Abasan ve Khuza&#8217;a b\u00f6lgeleri de i\u015fgal u\u00e7aklar\u0131n\u0131n yo\u011fun bombard\u0131man\u0131na sahne oldu.<\/p>\n<p style=\"text-align: justify;\">Gazze \u015eehri&#8217;nde i\u015fgal u\u00e7aklar\u0131, Gazze \u015eehri&#8217;nin g\u00fcneyindeki El-Zaytun mahallesindeki bir yerle\u015fim toplant\u0131s\u0131n\u0131 bombalad\u0131, bunun sonucunda iki Filistinli \u015fehit d\u00fc\u015ft\u00fc, di\u011ferleri yaraland\u0131 ve \u00e7ok say\u0131da kay\u0131p ki\u015fi ise enkaz alt\u0131nda kald\u0131.<\/p>\n<p style=\"text-align: justify;\">\u0130\u015fgal u\u00e7aklar\u0131n\u0131n, \u015fehrin do\u011fusundaki El \u015eucaiye mahallesindeki bir evi bombalamas\u0131 ve top\u00e7u silahlar\u0131n\u0131n, Gazze \u015fehrinin g\u00fcneybat\u0131s\u0131ndaki \u015eeyh Ajlin, Tel El Hava ve El Zaytun mahallelerindeki Filistinlilerin evlerini ve arazilerini hedef almas\u0131 \u00e7ok say\u0131da \u015fehit ve onlarca yaralanmaya yol a\u00e7t\u0131.<\/p>\n<p style=\"text-align: justify;\">\u0130\u015fgalci top\u00e7u, Gazze \u015eeridi&#8217;nin g\u00fcneyindeki Refah \u015fehrinin do\u011fusunda yerlerinden edilenlerin topraklar\u0131n\u0131 ve \u00e7ad\u0131rlar\u0131n\u0131 da bombalayarak \u00e7ok say\u0131da yaralanmaya neden oldu.<\/p>\n<p style=\"text-align: center;\"><strong><a href=\"https:\/\/t.me\/SuriyeArapHaberAjansI\">Telegram Kanal\u0131m\u0131z\u00a0<\/a>||<a href=\"https:\/\/twitter.com\/arap_ajans\">X Platformumuz\u00a0<\/a>||<a href=\"https:\/\/www.facebook.com\/SANAHaberAjansi\/\">Facebook Sayfam\u0131z<\/a><\/strong><\/p>\n","protected":false},"excerpt":{"rendered":"<p>\u0130\u015eGAL ED\u0130LEN KUD\u00dcS (SANA) \u2013 i\u015fgalci \u0130srail, ku\u015fatman\u0131n yol a\u00e7t\u0131\u011f\u0131 felaket insani durumun ortas\u0131nda, Gazze \u015eeridi&#8217;ne y\u00f6nelik sald\u0131rganl\u0131klar\u0131n\u0131 209&#8217;uncu g\u00fcn\u00fcnde de karadan, denizden ve havadan s\u00fcrd\u00fcr\u00fcyor, evleri, yerinden edilmi\u015f ki\u015filerin toplanma yerlerini ve sokaklar\u0131 hedef al\u0131yor, onlarca \u015fehit ve yaralanmaya neden oluyor. Filistin medyas\u0131, Gazze \u015eeridi&#8217;nin merkezindeki Nuseyrat kamp\u0131n\u0131n kuzeyindeki El Zahre \u015fehrine d\u00fczenlenen i\u015fgal &hellip;<\/p>\n","protected":false},"author":39,"featured_media":301007,"comment_status":"closed","ping_status":"closed","sticky":false,"template":"","format":"standard","meta":{"footnotes":""},"categories":[458,459,17988],"tags":[],"class_list":["post-301006","post","type-post","status-publish","format-standard","has-post-thumbnail","","category-dunya1","category-haberler-arap-uluslararasi-politika","category-son-haberler"],"_links":{"self":[{"href":"https:\/\/archive.sana.sy\/tr\/index.php?rest_route=\/wp\/v2\/posts\/301006","targetHints":{"allow":["GET"]}}],"collection":[{"href":"https:\/\/archive.sana.sy\/tr\/index.php?rest_route=\/wp\/v2\/posts"}],"about":[{"href":"https:\/\/archive.sana.sy\/tr\/index.php?rest_route=\/wp\/v2\/types\/post"}],"author":[{"embeddable":true,"href":"https:\/\/archive.sana.sy\/tr\/index.php?rest_route=\/wp\/v2\/users\/39"}],"replies":[{"embeddable":true,"href":"https:\/\/archive.sana.sy\/tr\/index.php?rest_route=%2Fwp%2Fv2%2Fcomments&post=301006"}],"version-history":[{"count":1,"href":"https:\/\/archive.sana.sy\/tr\/index.php?rest_route=\/wp\/v2\/posts\/301006\/revisions"}],"predecessor-version":[{"id":301008,"href":"https:\/\/archive.sana.sy\/tr\/index.php?rest_route=\/wp\/v2\/posts\/301006\/revisions\/301008"}],"wp:featuredmedia":[{"embeddable":true,"href":"https:\/\/archive.sana.sy\/tr\/index.php?rest_route=\/wp\/v2\/media\/301007"}],"wp:attachment":[{"href":"https:\/\/archive.sana.sy\/tr\/index.php?rest_route=%2Fwp%2Fv2%2Fmedia&parent=301006"}],"wp:term":[{"taxonomy":"category","embeddable":true,"href":"https:\/\/archive.sana.sy\/tr\/index.php?rest_route=%2Fwp%2Fv2%2Fcategories&post=301006"},{"taxonomy":"post_tag","embeddable":true,"href":"https:\/\/archive.sana.sy\/tr\/index.php?rest_route=%2Fwp%2Fv2%2Ftags&post=301006"}],"curies":[{"name":"wp","href":"https:\/\/api.w.org\/{rel}","templated":true}]}}