{"id":301010,"date":"2024-05-02T11:00:51","date_gmt":"2024-05-02T08:00:51","guid":{"rendered":"https:\/\/sana.sy\/tr\/?p=301010"},"modified":"2024-05-04T09:29:35","modified_gmt":"2024-05-04T06:29:35","slug":"peskov-abdnin-rusyanin-ukraynada-kimyasal-silah-kullandigi-yonundeki-iddialari-temelsiz","status":"publish","type":"post","link":"https:\/\/archive.sana.sy\/tr\/?p=301010","title":{"rendered":"Peskov: ABD&#8217;nin Rusya&#8217;n\u0131n Ukrayna&#8217;da Kimyasal Silah Kulland\u0131\u011f\u0131 Y\u00f6n\u00fcndeki \u0130ddialar\u0131 Temelsiz"},"content":{"rendered":"<p style=\"text-align: justify;\"><strong>MOSKOVA <\/strong><strong>(SANA) &#8211;<\/strong> \u00a0Rusya ba\u015fkanl\u0131k s\u00f6zc\u00fcs\u00fc Dmitry Peskov, ABD&#8217;nin Rusya&#8217;n\u0131n Ukrayna g\u00fc\u00e7lerine kar\u015f\u0131 kimyasal silah kulland\u0131\u011f\u0131 y\u00f6n\u00fcndeki iddialar\u0131n as\u0131ls\u0131z oldu\u011funu vurgulad\u0131.<\/p>\n<p style=\"text-align: justify;\">Amerikan iddialar\u0131 hakk\u0131nda yorum yapan TASS, Peskov&#8217;un gazetecilere \u015funlar\u0131 s\u00f6yledi\u011fini aktard\u0131: &#8220;Bu t\u00fcr su\u00e7lamalar tamamen as\u0131ls\u0131z ve kan\u0131tlanmam\u0131\u015ft\u0131r.&#8221;<\/p>\n<p style=\"text-align: justify;\">Daha \u00f6nce Rus kuvvetleri, Ukrayna kuvvetlerinin Donetsk Halk Cumhuriyeti&#8217;ndeki Artyomovsk ekseninde muhtemelen beyaz fosfor olan kimyasal silahlar kulland\u0131\u011f\u0131n\u0131 do\u011frulam\u0131\u015ft\u0131.<\/p>\n<p style=\"text-align: center;\"><strong><a href=\"https:\/\/t.me\/SuriyeArapHaberAjansI\">Telegram Kanal\u0131m\u0131z\u00a0<\/a>||<a href=\"https:\/\/twitter.com\/arap_ajans\">X Platformumuz\u00a0<\/a>||<a href=\"https:\/\/www.facebook.com\/SANAHaberAjansi\/\">Facebook Sayfam\u0131z<\/a><\/strong><\/p>\n","protected":false},"excerpt":{"rendered":"<p>MOSKOVA (SANA) &#8211; \u00a0Rusya ba\u015fkanl\u0131k s\u00f6zc\u00fcs\u00fc Dmitry Peskov, ABD&#8217;nin Rusya&#8217;n\u0131n Ukrayna g\u00fc\u00e7lerine kar\u015f\u0131 kimyasal silah kulland\u0131\u011f\u0131 y\u00f6n\u00fcndeki iddialar\u0131n as\u0131ls\u0131z oldu\u011funu vurgulad\u0131. Amerikan iddialar\u0131 hakk\u0131nda yorum yapan TASS, Peskov&#8217;un gazetecilere \u015funlar\u0131 s\u00f6yledi\u011fini aktard\u0131: &#8220;Bu t\u00fcr su\u00e7lamalar tamamen as\u0131ls\u0131z ve kan\u0131tlanmam\u0131\u015ft\u0131r.&#8221; Daha \u00f6nce Rus kuvvetleri, Ukrayna kuvvetlerinin Donetsk Halk Cumhuriyeti&#8217;ndeki Artyomovsk ekseninde muhtemelen beyaz fosfor olan kimyasal &hellip;<\/p>\n","protected":false},"author":1,"featured_media":301011,"comment_status":"closed","ping_status":"closed","sticky":false,"template":"","format":"standard","meta":{"footnotes":""},"categories":[458,459,17988],"tags":[],"class_list":["post-301010","post","type-post","status-publish","format-standard","has-post-thumbnail","","category-dunya1","category-haberler-arap-uluslararasi-politika","category-son-haberler"],"_links":{"self":[{"href":"https:\/\/archive.sana.sy\/tr\/index.php?rest_route=\/wp\/v2\/posts\/301010","targetHints":{"allow":["GET"]}}],"collection":[{"href":"https:\/\/archive.sana.sy\/tr\/index.php?rest_route=\/wp\/v2\/posts"}],"about":[{"href":"https:\/\/archive.sana.sy\/tr\/index.php?rest_route=\/wp\/v2\/types\/post"}],"author":[{"embeddable":true,"href":"https:\/\/archive.sana.sy\/tr\/index.php?rest_route=\/wp\/v2\/users\/1"}],"replies":[{"embeddable":true,"href":"https:\/\/archive.sana.sy\/tr\/index.php?rest_route=%2Fwp%2Fv2%2Fcomments&post=301010"}],"version-history":[{"count":1,"href":"https:\/\/archive.sana.sy\/tr\/index.php?rest_route=\/wp\/v2\/posts\/301010\/revisions"}],"predecessor-version":[{"id":301012,"href":"https:\/\/archive.sana.sy\/tr\/index.php?rest_route=\/wp\/v2\/posts\/301010\/revisions\/301012"}],"wp:featuredmedia":[{"embeddable":true,"href":"https:\/\/archive.sana.sy\/tr\/index.php?rest_route=\/wp\/v2\/media\/301011"}],"wp:attachment":[{"href":"https:\/\/archive.sana.sy\/tr\/index.php?rest_route=%2Fwp%2Fv2%2Fmedia&parent=301010"}],"wp:term":[{"taxonomy":"category","embeddable":true,"href":"https:\/\/archive.sana.sy\/tr\/index.php?rest_route=%2Fwp%2Fv2%2Fcategories&post=301010"},{"taxonomy":"post_tag","embeddable":true,"href":"https:\/\/archive.sana.sy\/tr\/index.php?rest_route=%2Fwp%2Fv2%2Ftags&post=301010"}],"curies":[{"name":"wp","href":"https:\/\/api.w.org\/{rel}","templated":true}]}}