{"id":301014,"date":"2024-05-02T17:03:05","date_gmt":"2024-05-02T14:03:05","guid":{"rendered":"https:\/\/sana.sy\/tr\/?p=301014"},"modified":"2024-05-04T09:29:48","modified_gmt":"2024-05-04T06:29:48","slug":"mardini-ve-bm-mukim-koordinatoru-egitim-alaninda-isbirligi-olanaklarini-gorustu","status":"publish","type":"post","link":"https:\/\/archive.sana.sy\/tr\/?p=301014","title":{"rendered":"Mardini Ve BM\u00a0\u00a0 Mukim Koordinat\u00f6r\u00fc E\u011fitim Alan\u0131nda \u0130\u015fbirli\u011fi Olanaklar\u0131n\u0131 G\u00f6r\u00fc\u015ft\u00fc"},"content":{"rendered":"<p style=\"text-align: justify;\"><strong>\u015eAM (SANA)<\/strong> \u2013 E\u011fitim Bakan\u0131 Muhammed Amir Mardini bug\u00fcn, Birle\u015fmi\u015f Milletler Suriye Mukim Koordinat\u00f6r\u00fc ve \u0130nsani Yard\u0131m Koordinat\u00f6r\u00fc Adam Abdulmevla ile, \u00f6zellikle e\u011fitim kay\u0131plar\u0131n\u0131n telafisi, \u00f6\u011fretmenlerin e\u011fitimi ve okullar\u0131n rehabilitasyonu ile ilgili destek programlar\u0131 alan\u0131nda, iki taraf aras\u0131ndaki ortak i\u015fbirli\u011fi umutlar\u0131n\u0131 g\u00f6r\u00fc\u015ft\u00fc.<img decoding=\"async\" class=\"alignright\" src=\"http:\/\/sana.sy\/wp-content\/uploads\/2024\/05\/DSC_4676-copy-1-300x200.jpg\" \/><\/p>\n<p style=\"text-align: justify;\">\u015eam&#8217;daki bakanl\u0131k binas\u0131nda ger\u00e7ekle\u015ftirilen toplant\u0131da Bakan Nardini, E\u011fitim Bakanl\u0131\u011f\u0131&#8217;n\u0131n e\u011fitim kay\u0131plar\u0131n\u0131n telafisi, \u00f6\u011frencilerin okula d\u00f6n\u00fc\u015f\u00fcn\u00fcn te\u015fvik edilmesi ve okullar\u0131n rehabilitasyonu y\u00f6n\u00fcndeki \u00e7al\u0131\u015fmalar\u0131n\u0131 de\u011ferlendirirerek, e\u011fitimin \u00e7e\u015fitli alanlar\u0131nda i\u015fbirli\u011finin geli\u015ftirilmesi i\u00e7in koordinasyonun \u00f6nemine dikkat \u00e7ekti.<\/p>\n<p style=\"text-align: justify;\">Abdulmevla ise, e\u011fitim ve yeterlilik alan\u0131nda \u00f6rg\u00fct ile Bakanl\u0131k aras\u0131ndaki i\u015fbirli\u011finin g\u00fc\u00e7lendirilmesi gerekti\u011fine dikkat \u00e7ekerken, silahl\u0131 ter\u00f6rist gruplar\u0131n s\u0131navlar\u0131n\u0131 almak i\u00e7in bulundu\u011fu yerlerden gelen \u00f6\u011frenciler i\u00e7in uygun ko\u015fullar\u0131n yarat\u0131lmas\u0131n\u0131 desteklemenin \u00f6nemini vurgulayarak, \u00f6\u011frencileri e\u011fitme ve geleceklerini g\u00fcvence alt\u0131na alma s\u00fcrecini desteklemenin \u00f6nemini belirtti.<\/p>\n<p style=\"text-align: center;\"><strong><a href=\"https:\/\/t.me\/SuriyeArapHaberAjansI\">Telegram Kanal\u0131m\u0131z\u00a0<\/a>||<a href=\"https:\/\/twitter.com\/arap_ajans\">X Platformumuz\u00a0<\/a>||<a href=\"https:\/\/www.facebook.com\/SANAHaberAjansi\/\">Facebook Sayfam\u0131z<\/a><\/strong><\/p>\n","protected":false},"excerpt":{"rendered":"<p>\u015eAM (SANA) \u2013 E\u011fitim Bakan\u0131 Muhammed Amir Mardini bug\u00fcn, Birle\u015fmi\u015f Milletler Suriye Mukim Koordinat\u00f6r\u00fc ve \u0130nsani Yard\u0131m Koordinat\u00f6r\u00fc Adam Abdulmevla ile, \u00f6zellikle e\u011fitim kay\u0131plar\u0131n\u0131n telafisi, \u00f6\u011fretmenlerin e\u011fitimi ve okullar\u0131n rehabilitasyonu ile ilgili destek programlar\u0131 alan\u0131nda, iki taraf aras\u0131ndaki ortak i\u015fbirli\u011fi umutlar\u0131n\u0131 g\u00f6r\u00fc\u015ft\u00fc. \u015eam&#8217;daki bakanl\u0131k binas\u0131nda ger\u00e7ekle\u015ftirilen toplant\u0131da Bakan Nardini, E\u011fitim Bakanl\u0131\u011f\u0131&#8217;n\u0131n e\u011fitim kay\u0131plar\u0131n\u0131n telafisi, \u00f6\u011frencilerin &hellip;<\/p>\n","protected":false},"author":1,"featured_media":301015,"comment_status":"closed","ping_status":"closed","sticky":false,"template":"","format":"standard","meta":{"footnotes":""},"categories":[479,17988,478],"tags":[],"class_list":["post-301014","post","type-post","status-publish","format-standard","has-post-thumbnail","","category-haberler-yerel","category-son-haberler","category-yerel"],"_links":{"self":[{"href":"https:\/\/archive.sana.sy\/tr\/index.php?rest_route=\/wp\/v2\/posts\/301014","targetHints":{"allow":["GET"]}}],"collection":[{"href":"https:\/\/archive.sana.sy\/tr\/index.php?rest_route=\/wp\/v2\/posts"}],"about":[{"href":"https:\/\/archive.sana.sy\/tr\/index.php?rest_route=\/wp\/v2\/types\/post"}],"author":[{"embeddable":true,"href":"https:\/\/archive.sana.sy\/tr\/index.php?rest_route=\/wp\/v2\/users\/1"}],"replies":[{"embeddable":true,"href":"https:\/\/archive.sana.sy\/tr\/index.php?rest_route=%2Fwp%2Fv2%2Fcomments&post=301014"}],"version-history":[{"count":1,"href":"https:\/\/archive.sana.sy\/tr\/index.php?rest_route=\/wp\/v2\/posts\/301014\/revisions"}],"predecessor-version":[{"id":301016,"href":"https:\/\/archive.sana.sy\/tr\/index.php?rest_route=\/wp\/v2\/posts\/301014\/revisions\/301016"}],"wp:featuredmedia":[{"embeddable":true,"href":"https:\/\/archive.sana.sy\/tr\/index.php?rest_route=\/wp\/v2\/media\/301015"}],"wp:attachment":[{"href":"https:\/\/archive.sana.sy\/tr\/index.php?rest_route=%2Fwp%2Fv2%2Fmedia&parent=301014"}],"wp:term":[{"taxonomy":"category","embeddable":true,"href":"https:\/\/archive.sana.sy\/tr\/index.php?rest_route=%2Fwp%2Fv2%2Fcategories&post=301014"},{"taxonomy":"post_tag","embeddable":true,"href":"https:\/\/archive.sana.sy\/tr\/index.php?rest_route=%2Fwp%2Fv2%2Ftags&post=301014"}],"curies":[{"name":"wp","href":"https:\/\/api.w.org\/{rel}","templated":true}]}}