{"id":301018,"date":"2024-05-03T09:01:06","date_gmt":"2024-05-03T06:01:06","guid":{"rendered":"https:\/\/sana.sy\/tr\/?p=301018"},"modified":"2024-05-04T10:11:23","modified_gmt":"2024-05-04T07:11:23","slug":"israilin-duzenledigi-saldirganlikta-8-asker-yaralandi","status":"publish","type":"post","link":"https:\/\/archive.sana.sy\/tr\/?p=301018","title":{"rendered":"D\u00fc\u015fman \u0130srail\u2019in D\u00fczenledi\u011fi Sald\u0131rganl\u0131kta 8 Asker Yaraland\u0131"},"content":{"rendered":"<p style=\"text-align: justify;\"><strong>\u015eAM (SANA)<\/strong> \u2013 D\u00fc\u015fman \u0130srail&#8217;in \u015eam yak\u0131nlar\u0131ndaki bir b\u00f6lgeyi hedef almas\u0131 sonucu 8 asker yaraland\u0131 ve maddi hasar meydana geldi.<\/p>\n<p style=\"text-align: justify;\">Askeri bir kaynak SANA&#8217;ya yapt\u0131\u011f\u0131 a\u00e7\u0131klamada, bug\u00fcn saat 22:50 s\u0131ralar\u0131nda \u0130srail d\u00fc\u015fman\u0131n\u0131n i\u015fgal alt\u0131ndaki Suriye Golan y\u00f6n\u00fcnden \u015eam yak\u0131nlar\u0131ndaki bir b\u00f6lgeyi hedef alan bir hava sald\u0131r\u0131s\u0131 ba\u015flatt\u0131\u011f\u0131n\u0131 belirtti.<\/p>\n<p style=\"text-align: justify;\">Kaynak ayr\u0131ca, sald\u0131rganl\u0131\u011f\u0131n\u0131n&#8221;sekiz askerin yaralanmas\u0131yla ve baz\u0131 maddi kay\u0131plarla sonu\u00e7land\u0131\u011f\u0131n\u0131&#8221; kaydetti.<\/p>\n<p style=\"text-align: center;\"><strong><a href=\"https:\/\/t.me\/SuriyeArapHaberAjansI\">Telegram Kanal\u0131m\u0131z\u00a0<\/a>||<a href=\"https:\/\/twitter.com\/arap_ajans\">X Platformumuz\u00a0<\/a>||<a href=\"https:\/\/www.facebook.com\/SANAHaberAjansi\/\">Facebook Sayfam\u0131z<\/a><\/strong><\/p>\n","protected":false},"excerpt":{"rendered":"<p>\u015eAM (SANA) \u2013 D\u00fc\u015fman \u0130srail&#8217;in \u015eam yak\u0131nlar\u0131ndaki bir b\u00f6lgeyi hedef almas\u0131 sonucu 8 asker yaraland\u0131 ve maddi hasar meydana geldi. Askeri bir kaynak SANA&#8217;ya yapt\u0131\u011f\u0131 a\u00e7\u0131klamada, bug\u00fcn saat 22:50 s\u0131ralar\u0131nda \u0130srail d\u00fc\u015fman\u0131n\u0131n i\u015fgal alt\u0131ndaki Suriye Golan y\u00f6n\u00fcnden \u015eam yak\u0131nlar\u0131ndaki bir b\u00f6lgeyi hedef alan bir hava sald\u0131r\u0131s\u0131 ba\u015flatt\u0131\u011f\u0131n\u0131 belirtti. Kaynak ayr\u0131ca, sald\u0131rganl\u0131\u011f\u0131n\u0131n&#8221;sekiz askerin yaralanmas\u0131yla ve baz\u0131 &hellip;<\/p>\n","protected":false},"author":36,"featured_media":301019,"comment_status":"closed","ping_status":"closed","sticky":false,"template":"","format":"standard","meta":{"footnotes":""},"categories":[479,575,17988,478],"tags":[41298],"class_list":["post-301018","post","type-post","status-publish","format-standard","has-post-thumbnail","","category-haberler-yerel","category-olaylar-ve-gercekler","category-son-haberler","category-yerel","tag-israilin-suriyeye-saldirisi"],"_links":{"self":[{"href":"https:\/\/archive.sana.sy\/tr\/index.php?rest_route=\/wp\/v2\/posts\/301018","targetHints":{"allow":["GET"]}}],"collection":[{"href":"https:\/\/archive.sana.sy\/tr\/index.php?rest_route=\/wp\/v2\/posts"}],"about":[{"href":"https:\/\/archive.sana.sy\/tr\/index.php?rest_route=\/wp\/v2\/types\/post"}],"author":[{"embeddable":true,"href":"https:\/\/archive.sana.sy\/tr\/index.php?rest_route=\/wp\/v2\/users\/36"}],"replies":[{"embeddable":true,"href":"https:\/\/archive.sana.sy\/tr\/index.php?rest_route=%2Fwp%2Fv2%2Fcomments&post=301018"}],"version-history":[{"count":4,"href":"https:\/\/archive.sana.sy\/tr\/index.php?rest_route=\/wp\/v2\/posts\/301018\/revisions"}],"predecessor-version":[{"id":301031,"href":"https:\/\/archive.sana.sy\/tr\/index.php?rest_route=\/wp\/v2\/posts\/301018\/revisions\/301031"}],"wp:featuredmedia":[{"embeddable":true,"href":"https:\/\/archive.sana.sy\/tr\/index.php?rest_route=\/wp\/v2\/media\/301019"}],"wp:attachment":[{"href":"https:\/\/archive.sana.sy\/tr\/index.php?rest_route=%2Fwp%2Fv2%2Fmedia&parent=301018"}],"wp:term":[{"taxonomy":"category","embeddable":true,"href":"https:\/\/archive.sana.sy\/tr\/index.php?rest_route=%2Fwp%2Fv2%2Fcategories&post=301018"},{"taxonomy":"post_tag","embeddable":true,"href":"https:\/\/archive.sana.sy\/tr\/index.php?rest_route=%2Fwp%2Fv2%2Ftags&post=301018"}],"curies":[{"name":"wp","href":"https:\/\/api.w.org\/{rel}","templated":true}]}}