{"id":301269,"date":"2024-05-08T10:05:36","date_gmt":"2024-05-08T07:05:36","guid":{"rendered":"https:\/\/sana.sy\/tr\/?p=301269"},"modified":"2024-05-09T09:28:18","modified_gmt":"2024-05-09T06:28:18","slug":"fransiz-polisi-sorbonne-universitesinde-gazzeyle-dayanisma-amaciyla-duzenlenen-protestoyu-bastirdi","status":"publish","type":"post","link":"https:\/\/archive.sana.sy\/tr\/?p=301269","title":{"rendered":"Frans\u0131z Polisi Sorbonne \u00dcniversitesi&#8217;nde Gazze&#8217;yle Dayan\u0131\u015fma Amac\u0131yla D\u00fczenlenen Protestoyu Bast\u0131rd\u0131"},"content":{"rendered":"<p style=\"text-align: justify;\"><strong>PAR\u0130S (SANA) \u2013 <\/strong>Frans\u0131z polisi, Sorbonne \u00dcniversitesi&#8217;nde Filistin yanl\u0131s\u0131 \u00f6\u011frencilerin oturma eylemi yapt\u0131\u011f\u0131 salonu protestoculara \u015fiddet kullanarak zorla bo\u015faltt\u0131.<\/p>\n<p style=\"text-align: justify;\">Agence France-Presse, Ba\u015fbakan Gabriel Attal&#8217;\u0131n Frans\u0131z \u00fcniversitelerini hi\u00e7bir zaman aksatma hakk\u0131n\u0131n olmayaca\u011f\u0131na dair s\u00f6z vermesinden 24 saatten az bir s\u00fcre sonra, Frans\u0131z polisinin Filistin yanl\u0131s\u0131 aktivistleri prestijli Paris \u00fcniversitesindeki bir s\u0131n\u0131ftan tahliye etmek i\u00e7in Sorbonne \u00dcniversitesi&#8217;ne bask\u0131n d\u00fczenledi\u011fini bildirdi.<\/p>\n<p style=\"text-align: justify;\">Protestocular &#8220;Refah, Refah, seninleyiz&#8221; sloganlar\u0131 atarak, \u0130srail&#8217;in Gazze \u015eeridi&#8217;nde devam eden sald\u0131rganl\u0131\u011f\u0131n\u0131 k\u0131nayan sloganlar da att\u0131 ve Polis, baz\u0131 g\u00f6stericilere sald\u0131rarak aralar\u0131ndan 39 ki\u015fiyi tutuklad\u0131.<\/p>\n<p style=\"text-align: center;\"><strong><a href=\"https:\/\/t.me\/SuriyeArapHaberAjansI\">Telegram Kanal\u0131m\u0131z\u00a0<\/a>||<a href=\"https:\/\/twitter.com\/arap_ajans\">X Platformumuz\u00a0<\/a>||<a href=\"https:\/\/www.facebook.com\/SANAHaberAjansi\/\">Facebook Sayfam\u0131z<\/a><\/strong><\/p>\n","protected":false},"excerpt":{"rendered":"<p>PAR\u0130S (SANA) \u2013 Frans\u0131z polisi, Sorbonne \u00dcniversitesi&#8217;nde Filistin yanl\u0131s\u0131 \u00f6\u011frencilerin oturma eylemi yapt\u0131\u011f\u0131 salonu protestoculara \u015fiddet kullanarak zorla bo\u015faltt\u0131. Agence France-Presse, Ba\u015fbakan Gabriel Attal&#8217;\u0131n Frans\u0131z \u00fcniversitelerini hi\u00e7bir zaman aksatma hakk\u0131n\u0131n olmayaca\u011f\u0131na dair s\u00f6z vermesinden 24 saatten az bir s\u00fcre sonra, Frans\u0131z polisinin Filistin yanl\u0131s\u0131 aktivistleri prestijli Paris \u00fcniversitesindeki bir s\u0131n\u0131ftan tahliye etmek i\u00e7in Sorbonne \u00dcniversitesi&#8217;ne &hellip;<\/p>\n","protected":false},"author":39,"featured_media":301270,"comment_status":"closed","ping_status":"closed","sticky":false,"template":"","format":"standard","meta":{"footnotes":""},"categories":[458,459,17988],"tags":[],"class_list":["post-301269","post","type-post","status-publish","format-standard","has-post-thumbnail","","category-dunya1","category-haberler-arap-uluslararasi-politika","category-son-haberler"],"_links":{"self":[{"href":"https:\/\/archive.sana.sy\/tr\/index.php?rest_route=\/wp\/v2\/posts\/301269","targetHints":{"allow":["GET"]}}],"collection":[{"href":"https:\/\/archive.sana.sy\/tr\/index.php?rest_route=\/wp\/v2\/posts"}],"about":[{"href":"https:\/\/archive.sana.sy\/tr\/index.php?rest_route=\/wp\/v2\/types\/post"}],"author":[{"embeddable":true,"href":"https:\/\/archive.sana.sy\/tr\/index.php?rest_route=\/wp\/v2\/users\/39"}],"replies":[{"embeddable":true,"href":"https:\/\/archive.sana.sy\/tr\/index.php?rest_route=%2Fwp%2Fv2%2Fcomments&post=301269"}],"version-history":[{"count":1,"href":"https:\/\/archive.sana.sy\/tr\/index.php?rest_route=\/wp\/v2\/posts\/301269\/revisions"}],"predecessor-version":[{"id":301271,"href":"https:\/\/archive.sana.sy\/tr\/index.php?rest_route=\/wp\/v2\/posts\/301269\/revisions\/301271"}],"wp:featuredmedia":[{"embeddable":true,"href":"https:\/\/archive.sana.sy\/tr\/index.php?rest_route=\/wp\/v2\/media\/301270"}],"wp:attachment":[{"href":"https:\/\/archive.sana.sy\/tr\/index.php?rest_route=%2Fwp%2Fv2%2Fmedia&parent=301269"}],"wp:term":[{"taxonomy":"category","embeddable":true,"href":"https:\/\/archive.sana.sy\/tr\/index.php?rest_route=%2Fwp%2Fv2%2Fcategories&post=301269"},{"taxonomy":"post_tag","embeddable":true,"href":"https:\/\/archive.sana.sy\/tr\/index.php?rest_route=%2Fwp%2Fv2%2Ftags&post=301269"}],"curies":[{"name":"wp","href":"https:\/\/api.w.org\/{rel}","templated":true}]}}