{"id":301275,"date":"2024-05-08T11:38:03","date_gmt":"2024-05-08T08:38:03","guid":{"rendered":"https:\/\/sana.sy\/tr\/?p=301275"},"modified":"2024-05-10T08:53:52","modified_gmt":"2024-05-10T05:53:52","slug":"cumhurbaskani-esad-baskan-putini-rusya-federasyonu-baskani-olarak-goreve-baslamasindan-dolayi-tebrik-etti","status":"publish","type":"post","link":"https:\/\/archive.sana.sy\/tr\/?p=301275","title":{"rendered":"Cumhurba\u015fkan\u0131 Esad, Ba\u015fkan Putin&#8217;i Rusya Federasyonu Ba\u015fkan\u0131 Olarak G\u00f6reve Ba\u015flamas\u0131ndan Dolay\u0131 Tebrik Etti"},"content":{"rendered":"<p style=\"text-align: justify;\"><strong>\u015eAM <\/strong><strong>(SANA) <\/strong>&#8211; Cumhurba\u015fkan\u0131 Be\u015f\u015far Esad, Rusya Federasyonu Ba\u015fkan\u0131 olarak yeni d\u00f6nem g\u00f6reve ba\u015flamas\u0131 vesilesiyle Ba\u015fkan Vladimir Putin&#8217;i tebrik etti.<\/p>\n<p style=\"text-align: justify;\">Cumhurba\u015fkan\u0131 Esad, Ba\u015fkan Putin&#8217;e g\u00f6nderdi\u011fi tebrik telgraf\u0131nda, &#8221;Sizi Rusya Federasyonu devlet ba\u015fkan\u0131 olarak g\u00f6reve ba\u015flaman\u0131zdan dolay\u0131 tebrik ediyor, g\u00f6rev ve sorumluluklar\u0131n\u0131zda muvaffakiyet ve ba\u015far\u0131lar\u0131n\u0131z\u0131n devam\u0131n\u0131 diliyorum&#8221; dedi.<\/p>\n<p style=\"text-align: justify;\">Cumhurba\u015fkan\u0131 Esad ayr\u0131ca, &#8221;Sizin liderli\u011finiz alt\u0131nda, dost Rus halk\u0131n\u0131n iradesi ve \u00e7abalar\u0131yla, \u00f6n\u00fcm\u00fczdeki y\u0131llar\u0131n Rusya Federasyonu&#8217;na daha fazla geli\u015fme, refah ve ilerleme getirece\u011finden hepimiz eminiz. Birlikte t\u00fcm zorluklara g\u00f6\u011f\u00fcs gerebilecek, \u00fclkenizin ulusal \u00e7\u0131karlar\u0131n\u0131 savunabilecek ve kadim uygarl\u0131\u011f\u0131n\u0131 koruyabileceksiniz&#8221; ifadelerini kulland\u0131.<\/p>\n<p style=\"text-align: justify;\">D\u00fcn Ba\u015fkan Putin, alt\u0131 y\u0131ll\u0131k yeni bir d\u00f6nem i\u00e7in Rusya Federasyonu Ba\u015fkan\u0131 olarak yemin etmi\u015fti.<\/p>\n<p style=\"text-align: center;\"><strong><a href=\"https:\/\/t.me\/SuriyeArapHaberAjansI\">Telegram Kanal\u0131m\u0131z\u00a0<\/a><span style=\"color: #ff0000;\">||<\/span><a href=\"https:\/\/twitter.com\/arap_ajans\">X Platformumuz\u00a0<\/a><span style=\"color: #ff0000;\">||<\/span><a href=\"https:\/\/www.facebook.com\/SANAHaberAjansi\/\">Facebook Sayfam\u0131z<\/a><\/strong><\/p>\n<p>&nbsp;<\/p>\n","protected":false},"excerpt":{"rendered":"<p>\u015eAM (SANA) &#8211; Cumhurba\u015fkan\u0131 Be\u015f\u015far Esad, Rusya Federasyonu Ba\u015fkan\u0131 olarak yeni d\u00f6nem g\u00f6reve ba\u015flamas\u0131 vesilesiyle Ba\u015fkan Vladimir Putin&#8217;i tebrik etti. Cumhurba\u015fkan\u0131 Esad, Ba\u015fkan Putin&#8217;e g\u00f6nderdi\u011fi tebrik telgraf\u0131nda, &#8221;Sizi Rusya Federasyonu devlet ba\u015fkan\u0131 olarak g\u00f6reve ba\u015flaman\u0131zdan dolay\u0131 tebrik ediyor, g\u00f6rev ve sorumluluklar\u0131n\u0131zda muvaffakiyet ve ba\u015far\u0131lar\u0131n\u0131z\u0131n devam\u0131n\u0131 diliyorum&#8221; dedi. Cumhurba\u015fkan\u0131 Esad ayr\u0131ca, &#8221;Sizin liderli\u011finiz alt\u0131nda, dost Rus &hellip;<\/p>\n","protected":false},"author":39,"featured_media":301276,"comment_status":"closed","ping_status":"closed","sticky":false,"template":"","format":"standard","meta":{"footnotes":""},"categories":[479,605,17988,613,478],"tags":[],"class_list":["post-301275","post","type-post","status-publish","format-standard","has-post-thumbnail","","category-haberler-yerel","category-sayin-cumhurbaskani","category-son-haberler","category-telgraflar","category-yerel"],"_links":{"self":[{"href":"https:\/\/archive.sana.sy\/tr\/index.php?rest_route=\/wp\/v2\/posts\/301275","targetHints":{"allow":["GET"]}}],"collection":[{"href":"https:\/\/archive.sana.sy\/tr\/index.php?rest_route=\/wp\/v2\/posts"}],"about":[{"href":"https:\/\/archive.sana.sy\/tr\/index.php?rest_route=\/wp\/v2\/types\/post"}],"author":[{"embeddable":true,"href":"https:\/\/archive.sana.sy\/tr\/index.php?rest_route=\/wp\/v2\/users\/39"}],"replies":[{"embeddable":true,"href":"https:\/\/archive.sana.sy\/tr\/index.php?rest_route=%2Fwp%2Fv2%2Fcomments&post=301275"}],"version-history":[{"count":4,"href":"https:\/\/archive.sana.sy\/tr\/index.php?rest_route=\/wp\/v2\/posts\/301275\/revisions"}],"predecessor-version":[{"id":301314,"href":"https:\/\/archive.sana.sy\/tr\/index.php?rest_route=\/wp\/v2\/posts\/301275\/revisions\/301314"}],"wp:featuredmedia":[{"embeddable":true,"href":"https:\/\/archive.sana.sy\/tr\/index.php?rest_route=\/wp\/v2\/media\/301276"}],"wp:attachment":[{"href":"https:\/\/archive.sana.sy\/tr\/index.php?rest_route=%2Fwp%2Fv2%2Fmedia&parent=301275"}],"wp:term":[{"taxonomy":"category","embeddable":true,"href":"https:\/\/archive.sana.sy\/tr\/index.php?rest_route=%2Fwp%2Fv2%2Fcategories&post=301275"},{"taxonomy":"post_tag","embeddable":true,"href":"https:\/\/archive.sana.sy\/tr\/index.php?rest_route=%2Fwp%2Fv2%2Ftags&post=301275"}],"curies":[{"name":"wp","href":"https:\/\/api.w.org\/{rel}","templated":true}]}}