{"id":3013,"date":"2014-06-13T13:06:30","date_gmt":"2014-06-13T10:06:30","guid":{"rendered":"http:\/\/sanasyria.org\/tr\/?p=3013"},"modified":"2014-06-17T12:47:46","modified_gmt":"2014-06-17T09:47:46","slug":"teror-gruplari-ile-israil-arasinda-anlasmalar-var","status":"publish","type":"post","link":"https:\/\/archive.sana.sy\/tr\/?p=3013","title":{"rendered":"Ter\u00f6r Gruplar\u0131 ile \u0130srail Aras\u0131nda Anla\u015fmalar Var"},"content":{"rendered":"<p>WASH\u0130NGTON \u2013 Amerikan Foreign Policy ayl\u0131k dergisinin yay\u0131nlad\u0131\u011f\u0131 makalesinde Gazeteci Yazar Coulomb Lynch isgalci Siyonist varl\u0131k \u0130srail ile Golan topraklar\u0131n\u0131 anavatan Suriye&#8217;den ay\u0131ran b\u00f6lgelerde bulunan silahl\u0131 ter\u00f6r gruplar\u0131 aras\u0131nda bir dizi alanlarda bir\u00e7ok anla\u015fman\u0131n mevcut oldu\u011funu de\u015fifre etti.<\/p>\n<p>\u0130srail i\u015fgal ordusunun resmi s\u00f6zc\u00fcs\u00fc Peter Werner\u2019in a\u00e7\u0131klamalar\u0131na dayand\u0131rd\u0131\u011f\u0131 makalesinde Lynch makalesinde Suriye&#8217;de bulunan ter\u00f6r gruplar\u0131n\u0131n ideolojileri, hedefleri ve yap\u0131lar\u0131n\u0131n ger\u00e7e\u011fine \u0131\u015f\u0131k tutan bu anla\u015fmalar\u0131n ayr\u0131nt\u0131lar\u0131na dikkat \u00e7ekti.<\/p>\n<p>Lynch ter\u00f6r gruplar\u0131 ile \u0130srail aras\u0131ndaki anla\u015fmalar\u0131n aras\u0131nda yaral\u0131 ter\u00f6ristlerin Siyonist hastanelerde tedavi g\u00f6rmelerinin yan\u0131 s\u0131ra silah ve daha ba\u015fka destek mukabilinde \u0130srail\u2019e askeri, g\u00fcvenlik ve her konuda istihbarat bilgileri takdim etmelerinin \u00f6ng\u00f6r\u00fcld\u00fc\u011f\u00fcn\u00fc ortaya \u00e7\u0131kard\u0131.<\/p>\n<p>Lynch Warner\u2019in; \u0130srail otoritelerinin Suriye&#8217;deki ter\u00f6ristlerden Suriye ordusunu hakk\u0131nda olduk\u00e7a de\u011ferli istihbarat bilgileri elde etti\u011fini belirtti\u011fini ifade etti.<\/p>\n<p>Amerika\u2019da Washington Yak\u0131n Do\u011fu Politikalar\u0131 Enstit\u00fcs\u00fcnden Ehud Aaara\u2019n\u0131n a\u00e7\u0131klamalar\u0131ndan naklen ise Lynch; \u0130srail\u2019in Suriye&#8217;de \u00e7at\u0131\u015fmalar s\u0131ras\u0131nda yaralanan olduk\u00e7a \u00e7ok say\u0131da ter\u00f6risti kendi hastanelerinde tedavi etti\u011fini, iki taraf aras\u0131nda da s\u0131k\u0131 bir koordinasyonun bulundu\u011funu aktard\u0131.<\/p>\n<p>Lynch ABD, Suudi krall\u0131k rejimi, \u00dcrd\u00fcn ve \u0130srail&#8217;in Suriye&#8217;nin g\u00fcney cephesine askeri te\u00e7hizatlar ta\u015f\u0131d\u0131\u011f\u0131n\u0131 ifade ederken, Golan topraklar\u0131nda bulunan Birle\u015fmi\u015f Milletler Bar\u0131\u015f g\u00fc\u00e7lerinin bir\u00e7ok kez ter\u00f6r gruplar\u0131 taraf\u0131ndan sald\u0131r\u0131lara maruz kald\u0131klar\u0131na i\u015faret etti.<\/p>\n<p>Di\u011fer yandan \u0130srail&#8217;in Haaretz Gazetesi ABD\u2019nin son zamanlarda Suriye&#8217;deki ter\u00f6r gruplar\u0131na askeri deste\u011fini artt\u0131rd\u0131\u011f\u0131na dikkat \u00e7ekerken, silah ve m\u00fchimmat g\u00f6nderimini artt\u0131r\u0131p \u00dcrd\u00fcn topraklar\u0131 \u00fczerinde ter\u00f6ristleri e\u011fitme \u00e7al\u0131\u015fmalar\u0131n\u0131 da yo\u011funla\u015ft\u0131rd\u0131\u011f\u0131n\u0131 belirtti.<\/p>\n<p>&nbsp;<\/p>\n","protected":false},"excerpt":{"rendered":"<p>WASH\u0130NGTON \u2013 Amerikan Foreign Policy ayl\u0131k dergisinin yay\u0131nlad\u0131\u011f\u0131 makalesinde Gazeteci Yazar Coulomb Lynch isgalci Siyonist varl\u0131k \u0130srail ile Golan topraklar\u0131n\u0131 anavatan Suriye&#8217;den ay\u0131ran b\u00f6lgelerde bulunan silahl\u0131 ter\u00f6r gruplar\u0131 aras\u0131nda bir dizi alanlarda bir\u00e7ok anla\u015fman\u0131n mevcut oldu\u011funu de\u015fifre etti. \u0130srail i\u015fgal ordusunun resmi s\u00f6zc\u00fcs\u00fc Peter Werner\u2019in a\u00e7\u0131klamalar\u0131na dayand\u0131rd\u0131\u011f\u0131 makalesinde Lynch makalesinde Suriye&#8217;de bulunan ter\u00f6r gruplar\u0131n\u0131n ideolojileri, &hellip;<\/p>\n","protected":false},"author":1,"featured_media":3015,"comment_status":"closed","ping_status":"closed","sticky":false,"template":"","format":"standard","meta":{"footnotes":""},"categories":[458,459,447],"tags":[667],"class_list":["post-3013","post","type-post","status-publish","format-standard","has-post-thumbnail","","category-dunya1","category-haberler-arap-uluslararasi-politika","category-politika","tag-teror-gruplari-ile-israil-arasinda-anlasmalar-var"],"_links":{"self":[{"href":"https:\/\/archive.sana.sy\/tr\/index.php?rest_route=\/wp\/v2\/posts\/3013","targetHints":{"allow":["GET"]}}],"collection":[{"href":"https:\/\/archive.sana.sy\/tr\/index.php?rest_route=\/wp\/v2\/posts"}],"about":[{"href":"https:\/\/archive.sana.sy\/tr\/index.php?rest_route=\/wp\/v2\/types\/post"}],"author":[{"embeddable":true,"href":"https:\/\/archive.sana.sy\/tr\/index.php?rest_route=\/wp\/v2\/users\/1"}],"replies":[{"embeddable":true,"href":"https:\/\/archive.sana.sy\/tr\/index.php?rest_route=%2Fwp%2Fv2%2Fcomments&post=3013"}],"version-history":[{"count":0,"href":"https:\/\/archive.sana.sy\/tr\/index.php?rest_route=\/wp\/v2\/posts\/3013\/revisions"}],"wp:featuredmedia":[{"embeddable":true,"href":"https:\/\/archive.sana.sy\/tr\/index.php?rest_route=\/wp\/v2\/media\/3015"}],"wp:attachment":[{"href":"https:\/\/archive.sana.sy\/tr\/index.php?rest_route=%2Fwp%2Fv2%2Fmedia&parent=3013"}],"wp:term":[{"taxonomy":"category","embeddable":true,"href":"https:\/\/archive.sana.sy\/tr\/index.php?rest_route=%2Fwp%2Fv2%2Fcategories&post=3013"},{"taxonomy":"post_tag","embeddable":true,"href":"https:\/\/archive.sana.sy\/tr\/index.php?rest_route=%2Fwp%2Fv2%2Ftags&post=3013"}],"curies":[{"name":"wp","href":"https:\/\/api.w.org\/{rel}","templated":true}]}}