{"id":301309,"date":"2024-05-08T12:57:51","date_gmt":"2024-05-08T09:57:51","guid":{"rendered":"https:\/\/sana.sy\/tr\/?p=301309"},"modified":"2024-05-09T11:35:28","modified_gmt":"2024-05-09T08:35:28","slug":"rusya-savunma-bakanligi-1000den-fazla-ukraynali-askeri-oldurduk","status":"publish","type":"post","link":"https:\/\/archive.sana.sy\/tr\/?p=301309","title":{"rendered":"Rusya Savunma Bakanl\u0131\u011f\u0131: 1000&#8217;den Fazla Ukraynal\u0131 Askeri \u00d6ld\u00fcrd\u00fck"},"content":{"rendered":"<p style=\"text-align: justify;\"><strong>MOSKOVA (SANA) &#8211;<\/strong> \u00a0Rusya Savunma Bakanl\u0131\u011f\u0131 bug\u00fcn, kuvvetlerinin Ukrayna&#8217;n\u0131n enerji sahalar\u0131na hipersonik f\u00fczeler ve di\u011fer silahlar kullanarak b\u00fcy\u00fck bir sald\u0131r\u0131 ba\u015flatt\u0131\u011f\u0131n\u0131, iki yeni kasaba olan Kharkov ve Donetsk&#8217;i <img loading=\"lazy\" decoding=\"async\" class=\"size-full wp-image-301311 alignright\" src=\"http:\/\/sana.sy\/tr\/wp-content\/uploads\/2024\/05\/\u0643\u064a\u0646\u062c\u0627\u0644-300x169-1.jpg\" alt=\"\" width=\"300\" height=\"169\" \/>kurtard\u0131\u011f\u0131n\u0131 ve 1000&#8217;den fazla Ukraynal\u0131 askeri ortadan kald\u0131rd\u0131\u011f\u0131n\u0131 duyurdu.<\/p>\n<p style=\"text-align: justify;\">Rusya Savunma Bakanl\u0131\u011f\u0131 g\u00fcnl\u00fck a\u00e7\u0131klamas\u0131nda, \u201cKiev rejiminin Rus enerji tesislerini yok etme giri\u015fimlerine yan\u0131t olarak, Rus kuvvetleri, Kinzhal hipersonik f\u00fcze sistemi ve insans\u0131z hava ara\u00e7lar\u0131 da dahil olmak \u00fczere denizden ve havadan f\u0131rlat\u0131lan y\u00fcksek hassasiyetli, uzun menzilli silahlarla, Ukrayna&#8217;daki askeri-sanayi kompleksinin enerji tesisleri ve kurumlar\u0131na yo\u011fun bir sald\u0131r\u0131 d\u00fczenledi\u2019\u2019 dedi.<\/p>\n<p style=\"text-align: justify;\">A\u00e7\u0131klamada, sald\u0131r\u0131n\u0131n amac\u0131na ula\u015ft\u0131\u011f\u0131 ve hedeflenen t\u00fcm b\u00f6lgeleri vurdu\u011fu do\u011frulan\u0131rken \u015fu ifadelere yer verdildi: \u2018\u2019Bu sald\u0131r\u0131, &#8220;Ukrayna&#8217;n\u0131n askeri mal \u00fcretme yetene\u011finde \u00f6nemli bir azalmaya ve ayr\u0131ca Bat\u0131 silahlar\u0131n\u0131n ve askeri <img loading=\"lazy\" decoding=\"async\" class=\"size-full wp-image-301312 alignright\" src=\"http:\/\/sana.sy\/tr\/wp-content\/uploads\/2024\/05\/Untitled-6-copy-2-300x169-1.jpg\" alt=\"\" width=\"300\" height=\"169\" \/>te\u00e7hizat\u0131n\u0131n muharebe temas hatt\u0131na aktar\u0131lmas\u0131na&#8221; yol a\u00e7t\u0131.\u2019\u2019<\/p>\n<p style=\"text-align: justify;\">Bakanl\u0131k a\u00e7\u0131klamas\u0131nda ayr\u0131ca, Ukrayna ordusunun Kharkov, Donetsk, Zaporozhye ve Kherson b\u00f6lgelerinde bir g\u00fcn i\u00e7inde yakla\u015f\u0131k 1.050 askere ula\u015ft\u0131\u011f\u0131n\u0131 a\u00e7\u0131klad\u0131.<\/p>\n<p style=\"text-align: justify;\">A\u00e7\u0131klamaya g\u00f6re, Rus Dinyeper Kuvvetler Grubu birimleri, Zaporozhye ve Kherson&#8217;daki Ukrayna birliklerinin ve sava\u015f ekipmanlar\u0131n\u0131n yo\u011funla\u015fmas\u0131n\u0131 vurdu<\/p>\n<p style=\"text-align: justify;\">Bunun yan\u0131nda da,\u00a0 101&#8217;inci B\u00f6lgesel Savunma Tugay\u0131&#8217;na ait insans\u0131z hava arac\u0131 \u00fcretim at\u00f6lyesi ile Ukrayna kuvvetlerine ait m\u00fchimmat, f\u00fcze ve top\u00e7u silahlar\u0131n\u0131n depolar\u0131 imha edildi ve Ukrayna askeri kuvvetleri ve te\u00e7hizat\u0131 da 113 b\u00f6lgede vuruldu.<\/p>\n<p style=\"text-align: center;\"><strong><a href=\"https:\/\/t.me\/SuriyeArapHaberAjansI\">Telegram Kanal\u0131m\u0131z\u00a0<\/a>||<a href=\"https:\/\/twitter.com\/arap_ajans\">X Platformumuz\u00a0<\/a>||<a href=\"https:\/\/www.facebook.com\/SANAHaberAjansi\/\">Facebook Sayfam\u0131z<\/a><\/strong><\/p>\n","protected":false},"excerpt":{"rendered":"<p>MOSKOVA (SANA) &#8211; \u00a0Rusya Savunma Bakanl\u0131\u011f\u0131 bug\u00fcn, kuvvetlerinin Ukrayna&#8217;n\u0131n enerji sahalar\u0131na hipersonik f\u00fczeler ve di\u011fer silahlar kullanarak b\u00fcy\u00fck bir sald\u0131r\u0131 ba\u015flatt\u0131\u011f\u0131n\u0131, iki yeni kasaba olan Kharkov ve Donetsk&#8217;i kurtard\u0131\u011f\u0131n\u0131 ve 1000&#8217;den fazla Ukraynal\u0131 askeri ortadan kald\u0131rd\u0131\u011f\u0131n\u0131 duyurdu. Rusya Savunma Bakanl\u0131\u011f\u0131 g\u00fcnl\u00fck a\u00e7\u0131klamas\u0131nda, \u201cKiev rejiminin Rus enerji tesislerini yok etme giri\u015fimlerine yan\u0131t olarak, Rus kuvvetleri, Kinzhal &hellip;<\/p>\n","protected":false},"author":41,"featured_media":301310,"comment_status":"closed","ping_status":"closed","sticky":false,"template":"","format":"standard","meta":{"footnotes":""},"categories":[458,459,17988],"tags":[41356],"class_list":["post-301309","post","type-post","status-publish","format-standard","has-post-thumbnail","","category-dunya1","category-haberler-arap-uluslararasi-politika","category-son-haberler","tag-rusya-savunma-bakanligi-1000den-fazla-ukraynali-askeri-oldurduk"],"_links":{"self":[{"href":"https:\/\/archive.sana.sy\/tr\/index.php?rest_route=\/wp\/v2\/posts\/301309","targetHints":{"allow":["GET"]}}],"collection":[{"href":"https:\/\/archive.sana.sy\/tr\/index.php?rest_route=\/wp\/v2\/posts"}],"about":[{"href":"https:\/\/archive.sana.sy\/tr\/index.php?rest_route=\/wp\/v2\/types\/post"}],"author":[{"embeddable":true,"href":"https:\/\/archive.sana.sy\/tr\/index.php?rest_route=\/wp\/v2\/users\/41"}],"replies":[{"embeddable":true,"href":"https:\/\/archive.sana.sy\/tr\/index.php?rest_route=%2Fwp%2Fv2%2Fcomments&post=301309"}],"version-history":[{"count":2,"href":"https:\/\/archive.sana.sy\/tr\/index.php?rest_route=\/wp\/v2\/posts\/301309\/revisions"}],"predecessor-version":[{"id":301351,"href":"https:\/\/archive.sana.sy\/tr\/index.php?rest_route=\/wp\/v2\/posts\/301309\/revisions\/301351"}],"wp:featuredmedia":[{"embeddable":true,"href":"https:\/\/archive.sana.sy\/tr\/index.php?rest_route=\/wp\/v2\/media\/301310"}],"wp:attachment":[{"href":"https:\/\/archive.sana.sy\/tr\/index.php?rest_route=%2Fwp%2Fv2%2Fmedia&parent=301309"}],"wp:term":[{"taxonomy":"category","embeddable":true,"href":"https:\/\/archive.sana.sy\/tr\/index.php?rest_route=%2Fwp%2Fv2%2Fcategories&post=301309"},{"taxonomy":"post_tag","embeddable":true,"href":"https:\/\/archive.sana.sy\/tr\/index.php?rest_route=%2Fwp%2Fv2%2Ftags&post=301309"}],"curies":[{"name":"wp","href":"https:\/\/api.w.org\/{rel}","templated":true}]}}