{"id":301334,"date":"2024-05-09T11:51:16","date_gmt":"2024-05-09T08:51:16","guid":{"rendered":"https:\/\/sana.sy\/tr\/?p=301334"},"modified":"2024-05-10T14:42:02","modified_gmt":"2024-05-10T11:42:02","slug":"hava-savunma-kuvetlerimiz-sam-kirsalindaki-bir-binayi-hedef-alan-israil-saldirganligina-karsi-koydu","status":"publish","type":"post","link":"https:\/\/archive.sana.sy\/tr\/?p=301334","title":{"rendered":"Hava Savunma G\u00fc\u00e7lerimiz, \u015eam K\u0131rsal\u0131ndaki Bir Binay\u0131 Hedef Alan \u0130srail Sald\u0131rganl\u0131\u011f\u0131na Kar\u015f\u0131 Koydu"},"content":{"rendered":"<p style=\"text-align: justify;\"><strong>\u015eAM (SANA) \u2013<\/strong> Hava savunma g\u00fc\u00e7lerimiz bug\u00fcn \u015fafak vakti, \u0130srail\u2019in \u015eam k\u0131rsal\u0131ndaki bir binay\u0131 hedef alan sald\u0131rganl\u0131\u011f\u0131na kar\u015f\u0131 koydu ve sald\u0131rganl\u0131\u011f\u0131n\u0131n baz\u0131 f\u00fczelerini d\u00fc\u015f\u00fcrd\u00fc.<\/p>\n<p style=\"text-align: justify;\">Askeri kaynak, SANA\u2019ya yapt\u0131\u011f\u0131 a\u00e7\u0131klamada, bug\u00fcn saat 03.20 s\u0131ralar\u0131nda d\u00fc\u015fman \u0130srail\u2019in, i\u015fgal alt\u0131ndaki Suriye Golan y\u00f6n\u00fcnden \u015eam k\u0131rsal\u0131ndaki bir binay\u0131 hedef alan bir hava sald\u0131rganl\u0131\u011f\u0131 ba\u015flatt\u0131\u011f\u0131n\u0131 belirtti.<\/p>\n<p style=\"text-align: justify;\">Kaynak ayr\u0131ca,\u00a0 \u201cHava savunma g\u00fc\u00e7lerimiz sald\u0131rganl\u0131\u011f\u0131n f\u00fczelerine kar\u015f\u0131l\u0131k verdi ve baz\u0131lar\u0131n\u0131 d\u00fc\u015f\u00fcrd\u00fc\u201d ifadeleri kullan\u0131rken, kay\u0131plar\u0131n maddi kay\u0131plarla s\u0131n\u0131rl\u0131 oldu\u011funu kaydetti.<\/p>\n<p style=\"text-align: center;\"><strong><a href=\"https:\/\/t.me\/SuriyeArapHaberAjansI\">Telegram Kanal\u0131m\u0131z\u00a0<\/a>||<a href=\"https:\/\/twitter.com\/arap_ajans\">X Platformumuz\u00a0<\/a>||<a href=\"https:\/\/www.facebook.com\/SANAHaberAjansi\/\">Facebook Sayfam\u0131z<\/a><\/strong><\/p>\n","protected":false},"excerpt":{"rendered":"<p>\u015eAM (SANA) \u2013 Hava savunma g\u00fc\u00e7lerimiz bug\u00fcn \u015fafak vakti, \u0130srail\u2019in \u015eam k\u0131rsal\u0131ndaki bir binay\u0131 hedef alan sald\u0131rganl\u0131\u011f\u0131na kar\u015f\u0131 koydu ve sald\u0131rganl\u0131\u011f\u0131n\u0131n baz\u0131 f\u00fczelerini d\u00fc\u015f\u00fcrd\u00fc. Askeri kaynak, SANA\u2019ya yapt\u0131\u011f\u0131 a\u00e7\u0131klamada, bug\u00fcn saat 03.20 s\u0131ralar\u0131nda d\u00fc\u015fman \u0130srail\u2019in, i\u015fgal alt\u0131ndaki Suriye Golan y\u00f6n\u00fcnden \u015eam k\u0131rsal\u0131ndaki bir binay\u0131 hedef alan bir hava sald\u0131rganl\u0131\u011f\u0131 ba\u015flatt\u0131\u011f\u0131n\u0131 belirtti. Kaynak ayr\u0131ca,\u00a0 \u201cHava savunma &hellip;<\/p>\n","protected":false},"author":39,"featured_media":301335,"comment_status":"closed","ping_status":"closed","sticky":false,"template":"","format":"standard","meta":{"footnotes":""},"categories":[479,575,17988,478],"tags":[],"class_list":["post-301334","post","type-post","status-publish","format-standard","has-post-thumbnail","","category-haberler-yerel","category-olaylar-ve-gercekler","category-son-haberler","category-yerel"],"_links":{"self":[{"href":"https:\/\/archive.sana.sy\/tr\/index.php?rest_route=\/wp\/v2\/posts\/301334","targetHints":{"allow":["GET"]}}],"collection":[{"href":"https:\/\/archive.sana.sy\/tr\/index.php?rest_route=\/wp\/v2\/posts"}],"about":[{"href":"https:\/\/archive.sana.sy\/tr\/index.php?rest_route=\/wp\/v2\/types\/post"}],"author":[{"embeddable":true,"href":"https:\/\/archive.sana.sy\/tr\/index.php?rest_route=\/wp\/v2\/users\/39"}],"replies":[{"embeddable":true,"href":"https:\/\/archive.sana.sy\/tr\/index.php?rest_route=%2Fwp%2Fv2%2Fcomments&post=301334"}],"version-history":[{"count":4,"href":"https:\/\/archive.sana.sy\/tr\/index.php?rest_route=\/wp\/v2\/posts\/301334\/revisions"}],"predecessor-version":[{"id":301339,"href":"https:\/\/archive.sana.sy\/tr\/index.php?rest_route=\/wp\/v2\/posts\/301334\/revisions\/301339"}],"wp:featuredmedia":[{"embeddable":true,"href":"https:\/\/archive.sana.sy\/tr\/index.php?rest_route=\/wp\/v2\/media\/301335"}],"wp:attachment":[{"href":"https:\/\/archive.sana.sy\/tr\/index.php?rest_route=%2Fwp%2Fv2%2Fmedia&parent=301334"}],"wp:term":[{"taxonomy":"category","embeddable":true,"href":"https:\/\/archive.sana.sy\/tr\/index.php?rest_route=%2Fwp%2Fv2%2Fcategories&post=301334"},{"taxonomy":"post_tag","embeddable":true,"href":"https:\/\/archive.sana.sy\/tr\/index.php?rest_route=%2Fwp%2Fv2%2Ftags&post=301334"}],"curies":[{"name":"wp","href":"https:\/\/api.w.org\/{rel}","templated":true}]}}