{"id":301390,"date":"2024-05-10T11:13:38","date_gmt":"2024-05-10T08:13:38","guid":{"rendered":"https:\/\/sana.sy\/tr\/?p=301390"},"modified":"2024-05-11T10:50:11","modified_gmt":"2024-05-11T07:50:11","slug":"aksa-tufani-operasyonu-bugunun-en-one-cikan-gelismeleri-130","status":"publish","type":"post","link":"https:\/\/archive.sana.sy\/tr\/?p=301390","title":{"rendered":"Aksa Tufan\u0131 Operasyonu\u2026 Bug\u00fcn\u00fcn En \u00d6ne \u00c7\u0131kan Geli\u015fmeleri"},"content":{"rendered":"<p style=\"text-align: justify;\"><strong>\u0130\u015eGAL ED\u0130LEN KUD\u00dcS (SANA) \u2013\u00a0<\/strong>Filistin direni\u015finin i\u015fgalci \u0130srail\u2019in sald\u0131rganl\u0131\u011f\u0131na yan\u0131t olarak 7 Ekim\u2019de ba\u015flatt\u0131\u011f\u0131 Aksa Tufan\u0131 Operasyonu\u2019nda \u00f6ne \u00e7\u0131kan geli\u015fmeler:<\/p>\n<ul>\n<li style=\"text-align: justify;\">Filistin direni\u015fi, Siyonist d\u00fc\u015fman\u0131n Gazze \u015eeridi&#8217;nde sivillere y\u00f6nelik katliamlar\u0131na tepki olarak i\u015fgal alt\u0131ndaki Beer\u015feba \u015fehrini f\u00fcze salvosuyla hedef ald\u0131.<\/li>\n<li style=\"text-align: justify;\">D\u00fc\u015fman \u0130srail, Gazze \u015eeridi&#8217;nde Filistin direni\u015fiyle \u00e7\u0131kan \u00e7at\u0131\u015fmalarda 4 askerinin \u00f6ld\u00fcr\u00fcld\u00fc\u011f\u00fcn\u00fc itiraf etti.<\/li>\n<li style=\"text-align: justify;\">Filistin medyas\u0131: \u0130srail i\u015fgalinin Gazze \u015eeridi&#8217;nin merkezindeki Nuseyrat kamp\u0131n\u0131n kuzeyindeki bir evi bombalamas\u0131 sonucu 3 \u015fehit ve \u00e7ok say\u0131da yaral\u0131.<\/li>\n<li style=\"text-align: justify;\">Filistin direni\u015fi, Gazze \u015eeridi&#8217;nin g\u00fcneyindeki Refah \u015fehrinin do\u011fusuna giren Siyonist d\u00fc\u015fman\u0131n asker ve ara\u00e7lar\u0131ndan olu\u015fan bir toplulu\u011fu Tip 107 f\u00fcze salvosu ile hedef ald\u0131.<\/li>\n<li style=\"text-align: justify;\">Filistin direni\u015fi, Siyonist d\u00fc\u015fmana a\u00e7\u0131lan bir t\u00fcneli zorla havaya u\u00e7urdu, \u00fcyelerini \u00f6l\u00fc veya yaral\u0131 b\u0131rakt\u0131 ve Gazze \u015eeridi&#8217;nin g\u00fcneyinde, Refah&#8217;\u0131n do\u011fusundaki baz\u0131 ekipmanlar\u0131n\u0131n kontrol\u00fcn\u00fc ele ge\u00e7irdi.<\/li>\n<li style=\"text-align: justify;\">Filistin direni\u015fi, Gazze \u015fehrinin g\u00fcneyindeki \u201cNetzarim\u201d eksenindeki Siyonist d\u00fc\u015fman g\u00fc\u00e7lerini \u201cta\u015flayan\u201d f\u00fcze sistemiyle hedef ald\u0131.<\/li>\n<li style=\"text-align: justify;\">Filistin direni\u015fi, Gazze \u015eehri&#8217;nin g\u00fcneyindeki El Zaytun mahallesindeki bir tank kulesinin tepesindeki bir dizi Siyonist d\u00fc\u015fman askerini &#8220;Tandum&#8221; ile bombalad\u0131.<\/li>\n<li style=\"text-align: justify;\">Filistin direni\u015fi, Gazze \u015eeridi&#8217;nin g\u00fcneyindeki Refah&#8217;ta Siyonist d\u00fc\u015fman &#8220;Skylark&#8221; insans\u0131z hava arac\u0131n\u0131 kontrol etti.<\/li>\n<li style=\"text-align: justify;\">Filistin direni\u015fi, Gazze \u015eeridi&#8217;nin g\u00fcneyindeki Refah \u015fehrinin El-Selam mahallesinin do\u011fusundaki Siyonist d\u00fc\u015fman askerlerine ve ara\u00e7lar\u0131na havan topu att\u0131.<\/li>\n<li style=\"text-align: justify;\">Filistin direni\u015fi, Gazze \u015eehri&#8217;nin g\u00fcneyindeki El Zaytun mahallesinde Siyonist d\u00fc\u015fman ara\u00e7 ve askerlerinin topland\u0131\u011f\u0131 b\u00f6lgeyi hedef ald\u0131.<\/li>\n<li style=\"text-align: justify;\">Filistin direni\u015fi, Gazze \u015fehrinin g\u00fcneyindeki El Zaytun mahallesinde Siyonist d\u00fc\u015fman\u0131n askeri arac\u0131n\u0131 RPG ile bombalad\u0131.<\/li>\n<li style=\"text-align: justify;\">Filistin direni\u015fi, Gazze \u015eeridi&#8217;nin g\u00fcneyinde, Refah&#8217;\u0131n do\u011fusundaki &#8220;Karam \u015ealom askeri \u00fcss\u00fcne&#8221; havan toplar\u0131yla \u0130srail d\u00fc\u015fman\u0131n\u0131 hedef ald\u0131.<\/li>\n<li style=\"text-align: justify;\">Filistin direni\u015fi, Gazze \u015eeridi&#8217;nin g\u00fcneyindeki Refah \u015fehrinin do\u011fusunda Siyonist d\u00fc\u015fman\u0131n &#8220;Merkava&#8221; tank\u0131n\u0131 &#8220;Yasin 105&#8221; top mermisiyle hedef ald\u0131.<\/li>\n<li style=\"text-align: justify;\">Filistin Direni\u015fi: Sava\u015f\u00e7\u0131lar\u0131m\u0131z, Gazze \u015eehri&#8217;nin El-Zaytun mahallesinin g\u00fcneyinde Siyonist d\u00fc\u015fman g\u00fc\u00e7leriyle \u015fiddetli \u00e7at\u0131\u015fmalara giriyor.<\/li>\n<li style=\"text-align: justify;\">Filistin direni\u015fi, 114 mm kalibreli k\u0131sa menzilli &#8220;Rajum&#8221; f\u00fcze sistemiyle Gazze&#8217;nin eteklerindeki &#8220;\u0130snad Sufa&#8221; askeri \u00fcss\u00fcnde \u0130srail d\u00fc\u015fman\u0131n\u0131 hedef ald\u0131.<\/li>\n<li style=\"text-align: justify;\">Filistin medyas\u0131: \u0130srail i\u015fgalinin Gazze \u015eeridi&#8217;nin g\u00fcneyinde Han Yunus&#8217;un do\u011fusundaki Abasan el-Kabira b\u00f6lgesinde bir evi bombalamas\u0131 sonucu 8 \u015fehit ve \u00e7ok say\u0131da yaral\u0131.<\/li>\n<li style=\"text-align: justify;\">Filistin direni\u015fi, Gazze \u015eeridi&#8217;nin g\u00fcneyinde, Refah&#8217;\u0131n do\u011fusundaki &#8220;Saad Sayel&#8221; k\u0131\u015flas\u0131 civar\u0131ndaki &#8220;Yasin 105&#8221; toplar\u0131yla iki d\u00fc\u015fman \u0130srail tank\u0131n\u0131 hedef ald\u0131.<\/li>\n<li style=\"text-align: justify;\">Filistin direni\u015fi, Refah&#8217;\u0131n do\u011fusundaki &#8220;Saad Sayel&#8221; k\u0131\u015flas\u0131nda may\u0131n tarlas\u0131n\u0131n patlat\u0131lmas\u0131n\u0131n ard\u0131ndan Siyonist bir g\u00fcc\u00fcn pusuya d\u00fc\u015f\u00fcr\u00fclmesini bekliyor. G\u00fc\u00e7 \u00fcyelerinin \u00f6lmesi veya yaralanmas\u0131 bekleniyor.<\/li>\n<li style=\"text-align: justify;\">\n<p style=\"text-align: justify;\">Filistin direni\u015fi, Refah&#8217;\u0131n do\u011fusunda, bir dizi \u0130srail i\u015fgal askerinin TPG mermisi ve bir asker ta\u015f\u0131y\u0131c\u0131yla sakland\u0131\u011f\u0131 bir binay\u0131 hedef alan karma\u015f\u0131k ve e\u015f zamanl\u0131 bir askeri operasyon ger\u00e7ekle\u015ftirdi.<\/p>\n<\/li>\n<\/ul>\n<p style=\"text-align: center;\"><strong><a href=\"https:\/\/t.me\/SuriyeArapHaberAjansI\">Telegram Kanal\u0131m\u0131z\u00a0<\/a>||<a href=\"https:\/\/twitter.com\/arap_ajans\">X Platformumuz\u00a0<\/a>||<a href=\"https:\/\/www.facebook.com\/SANAHaberAjansi\/\">Facebook Sayfam\u0131z<\/a><\/strong><\/p>\n","protected":false},"excerpt":{"rendered":"<p>\u0130\u015eGAL ED\u0130LEN KUD\u00dcS (SANA) \u2013\u00a0Filistin direni\u015finin i\u015fgalci \u0130srail\u2019in sald\u0131rganl\u0131\u011f\u0131na yan\u0131t olarak 7 Ekim\u2019de ba\u015flatt\u0131\u011f\u0131 Aksa Tufan\u0131 Operasyonu\u2019nda \u00f6ne \u00e7\u0131kan geli\u015fmeler: Filistin direni\u015fi, Siyonist d\u00fc\u015fman\u0131n Gazze \u015eeridi&#8217;nde sivillere y\u00f6nelik katliamlar\u0131na tepki olarak i\u015fgal alt\u0131ndaki Beer\u015feba \u015fehrini f\u00fcze salvosuyla hedef ald\u0131. D\u00fc\u015fman \u0130srail, Gazze \u015eeridi&#8217;nde Filistin direni\u015fiyle \u00e7\u0131kan \u00e7at\u0131\u015fmalarda 4 askerinin \u00f6ld\u00fcr\u00fcld\u00fc\u011f\u00fcn\u00fc itiraf etti. Filistin medyas\u0131: \u0130srail &hellip;<\/p>\n","protected":false},"author":36,"featured_media":301391,"comment_status":"closed","ping_status":"closed","sticky":false,"template":"","format":"standard","meta":{"footnotes":""},"categories":[458,459,17988],"tags":[40319],"class_list":["post-301390","post","type-post","status-publish","format-standard","has-post-thumbnail","","category-dunya1","category-haberler-arap-uluslararasi-politika","category-son-haberler","tag-gazzede-son-gelimeler"],"_links":{"self":[{"href":"https:\/\/archive.sana.sy\/tr\/index.php?rest_route=\/wp\/v2\/posts\/301390","targetHints":{"allow":["GET"]}}],"collection":[{"href":"https:\/\/archive.sana.sy\/tr\/index.php?rest_route=\/wp\/v2\/posts"}],"about":[{"href":"https:\/\/archive.sana.sy\/tr\/index.php?rest_route=\/wp\/v2\/types\/post"}],"author":[{"embeddable":true,"href":"https:\/\/archive.sana.sy\/tr\/index.php?rest_route=\/wp\/v2\/users\/36"}],"replies":[{"embeddable":true,"href":"https:\/\/archive.sana.sy\/tr\/index.php?rest_route=%2Fwp%2Fv2%2Fcomments&post=301390"}],"version-history":[{"count":4,"href":"https:\/\/archive.sana.sy\/tr\/index.php?rest_route=\/wp\/v2\/posts\/301390\/revisions"}],"predecessor-version":[{"id":301425,"href":"https:\/\/archive.sana.sy\/tr\/index.php?rest_route=\/wp\/v2\/posts\/301390\/revisions\/301425"}],"wp:featuredmedia":[{"embeddable":true,"href":"https:\/\/archive.sana.sy\/tr\/index.php?rest_route=\/wp\/v2\/media\/301391"}],"wp:attachment":[{"href":"https:\/\/archive.sana.sy\/tr\/index.php?rest_route=%2Fwp%2Fv2%2Fmedia&parent=301390"}],"wp:term":[{"taxonomy":"category","embeddable":true,"href":"https:\/\/archive.sana.sy\/tr\/index.php?rest_route=%2Fwp%2Fv2%2Fcategories&post=301390"},{"taxonomy":"post_tag","embeddable":true,"href":"https:\/\/archive.sana.sy\/tr\/index.php?rest_route=%2Fwp%2Fv2%2Ftags&post=301390"}],"curies":[{"name":"wp","href":"https:\/\/api.w.org\/{rel}","templated":true}]}}