{"id":301396,"date":"2024-05-10T14:47:48","date_gmt":"2024-05-10T11:47:48","guid":{"rendered":"https:\/\/sana.sy\/tr\/?p=301396"},"modified":"2024-05-12T08:56:35","modified_gmt":"2024-05-12T05:56:35","slug":"unrwa-isgal-edilen-kudusteki-ofis-kompleksini-yerlesimcilerin-saldirganliklari-sonrasinda-kapatti","status":"publish","type":"post","link":"https:\/\/archive.sana.sy\/tr\/?p=301396","title":{"rendered":"UNRWA, \u0130\u015fgal Edilen Kud\u00fcs&#8217;teki Ofis Kompleksini Yerle\u015fimcilerin Sald\u0131rganl\u0131klar\u0131 Sonras\u0131nda Kapatt\u0131"},"content":{"rendered":"<p style=\"text-align: justify;\"><strong>\u0130\u015eGAL ED\u0130LEN KUD\u00dcS (SANA)<\/strong> &#8211;\u00a0 Birle\u015fmi\u015f Milletler Filistinli M\u00fcltecilere Yard\u0131m ve Bay\u0131nd\u0131rl\u0131k Ajans\u0131 (UNRWA), \u0130srailli yerle\u015fimcilerin sald\u0131r\u0131p iki kez yakma giri\u015fiminde bulunmas\u0131n\u0131n ard\u0131ndan i\u015fgal alt\u0131ndaki Kud\u00fcs&#8217;teki ofis kompleksinin ge\u00e7ici olarak kapat\u0131ld\u0131\u011f\u0131n\u0131 duyurdu.<\/p>\n<p style=\"text-align: justify;\">Agence France-Presse, ajans\u0131n genel komiseri Philippe Lazzarini&#8217;nin X platformunda \u015funlar\u0131 s\u00f6yledi\u011fini aktard\u0131: \u201c\u0130srailli yerle\u015fimciler d\u00fcn ak\u015fam i\u015fgal alt\u0131ndaki Kud\u00fcs&#8217;teki UNRWA genel merkezinin \u00e7evresini iki kez ate\u015fe verdi. UNRWA personelinin ve kompleksteki di\u011fer BM kurulu\u015flar\u0131n\u0131n hayatlar\u0131 ciddi \u015fekilde riske girdi ve yang\u0131n b\u00fcy\u00fck hasara yol a\u00e7t\u0131.\u201d<\/p>\n<p style=\"text-align: justify;\">Lazzarini ayr\u0131ca, \u2018\u2019Kompleksin d\u0131\u015f\u0131nda silahl\u0131 ki\u015filerin de &#8220;Birle\u015fmi\u015f Milletleri yak\u0131n&#8221; sloganlar\u0131 att\u0131\u011f\u0131 g\u00f6r\u00fcld\u00fc. Bu \u00e7irkin bir geli\u015fme, g\u00fcvenlik sa\u011flanana kadar kompleksin kapat\u0131lmas\u0131na karar verildi\u2019\u2019 ifadelerini kulland\u0131.<\/p>\n<p style=\"text-align: center;\"><strong><a href=\"https:\/\/t.me\/SuriyeArapHaberAjansI\">Telegram Kanal\u0131m\u0131z\u00a0<\/a>||<a href=\"https:\/\/twitter.com\/arap_ajans\">X Platformumuz\u00a0<\/a>||<a href=\"https:\/\/www.facebook.com\/SANAHaberAjansi\/\">Facebook Sayfam\u0131z<\/a><\/strong><\/p>\n","protected":false},"excerpt":{"rendered":"<p>\u0130\u015eGAL ED\u0130LEN KUD\u00dcS (SANA) &#8211;\u00a0 Birle\u015fmi\u015f Milletler Filistinli M\u00fcltecilere Yard\u0131m ve Bay\u0131nd\u0131rl\u0131k Ajans\u0131 (UNRWA), \u0130srailli yerle\u015fimcilerin sald\u0131r\u0131p iki kez yakma giri\u015fiminde bulunmas\u0131n\u0131n ard\u0131ndan i\u015fgal alt\u0131ndaki Kud\u00fcs&#8217;teki ofis kompleksinin ge\u00e7ici olarak kapat\u0131ld\u0131\u011f\u0131n\u0131 duyurdu. Agence France-Presse, ajans\u0131n genel komiseri Philippe Lazzarini&#8217;nin X platformunda \u015funlar\u0131 s\u00f6yledi\u011fini aktard\u0131: \u201c\u0130srailli yerle\u015fimciler d\u00fcn ak\u015fam i\u015fgal alt\u0131ndaki Kud\u00fcs&#8217;teki UNRWA genel merkezinin \u00e7evresini &hellip;<\/p>\n","protected":false},"author":41,"featured_media":301397,"comment_status":"closed","ping_status":"closed","sticky":false,"template":"","format":"standard","meta":{"footnotes":""},"categories":[458,459,17988],"tags":[41360,29531],"class_list":["post-301396","post","type-post","status-publish","format-standard","has-post-thumbnail","","category-dunya1","category-haberler-arap-uluslararasi-politika","category-son-haberler","tag-isgal-edilen-kudusteki-ofis-kompleksini-yerlesimcilerin-saldirganliklari-sonrasinda-kapatti","tag-unrwa"],"_links":{"self":[{"href":"https:\/\/archive.sana.sy\/tr\/index.php?rest_route=\/wp\/v2\/posts\/301396","targetHints":{"allow":["GET"]}}],"collection":[{"href":"https:\/\/archive.sana.sy\/tr\/index.php?rest_route=\/wp\/v2\/posts"}],"about":[{"href":"https:\/\/archive.sana.sy\/tr\/index.php?rest_route=\/wp\/v2\/types\/post"}],"author":[{"embeddable":true,"href":"https:\/\/archive.sana.sy\/tr\/index.php?rest_route=\/wp\/v2\/users\/41"}],"replies":[{"embeddable":true,"href":"https:\/\/archive.sana.sy\/tr\/index.php?rest_route=%2Fwp%2Fv2%2Fcomments&post=301396"}],"version-history":[{"count":1,"href":"https:\/\/archive.sana.sy\/tr\/index.php?rest_route=\/wp\/v2\/posts\/301396\/revisions"}],"predecessor-version":[{"id":301398,"href":"https:\/\/archive.sana.sy\/tr\/index.php?rest_route=\/wp\/v2\/posts\/301396\/revisions\/301398"}],"wp:featuredmedia":[{"embeddable":true,"href":"https:\/\/archive.sana.sy\/tr\/index.php?rest_route=\/wp\/v2\/media\/301397"}],"wp:attachment":[{"href":"https:\/\/archive.sana.sy\/tr\/index.php?rest_route=%2Fwp%2Fv2%2Fmedia&parent=301396"}],"wp:term":[{"taxonomy":"category","embeddable":true,"href":"https:\/\/archive.sana.sy\/tr\/index.php?rest_route=%2Fwp%2Fv2%2Fcategories&post=301396"},{"taxonomy":"post_tag","embeddable":true,"href":"https:\/\/archive.sana.sy\/tr\/index.php?rest_route=%2Fwp%2Fv2%2Ftags&post=301396"}],"curies":[{"name":"wp","href":"https:\/\/api.w.org\/{rel}","templated":true}]}}