{"id":301402,"date":"2024-05-10T11:01:53","date_gmt":"2024-05-10T08:01:53","guid":{"rendered":"https:\/\/sana.sy\/tr\/?p=301402"},"modified":"2024-05-12T08:56:32","modified_gmt":"2024-05-12T05:56:32","slug":"rus-ordusu-belgorodu-hedef-alan-iki-ukrayna-fuzesini-dusurdu","status":"publish","type":"post","link":"https:\/\/archive.sana.sy\/tr\/?p=301402","title":{"rendered":"Rus Ordusu Belgorod&#8217;u Hedef Alan \u0130ki Ukrayna F\u00fczesini D\u00fc\u015f\u00fcrd\u00fc"},"content":{"rendered":"<p style=\"text-align: justify;\"><strong>MOSKOVA (SANA) &#8211;<\/strong>\u00a0 Bug\u00fcn Rus hava savunma sistemleri, Rusya&#8217;n\u0131n g\u00fcneybat\u0131s\u0131ndaki Belgorod B\u00f6lgesini hedef alan iki Ukrayna f\u00fczesini d\u00fc\u015f\u00fcrd\u00fc.<\/p>\n<p style=\"text-align: justify;\">Rusya Savunma Bakanl\u0131\u011f\u0131, TASS \u00fczerinden tapt\u0131\u011f\u0131 a\u00e7\u0131klamada, Belgorod b\u00f6lgesinde Kiev g\u00fc\u00e7lerinin ate\u015fledi\u011fi iki &#8220;Olkha&#8221; f\u00fczesinin vuruldu\u011funu belirtti.<\/p>\n<p style=\"text-align: center;\"><strong><a href=\"https:\/\/t.me\/SuriyeArapHaberAjansI\">Telegram Kanal\u0131m\u0131z\u00a0<\/a>||<a href=\"https:\/\/twitter.com\/arap_ajans\">X Platformumuz\u00a0<\/a>||<a href=\"https:\/\/www.facebook.com\/SANAHaberAjansi\/\">Facebook Sayfam\u0131z<\/a><\/strong><\/p>\n","protected":false},"excerpt":{"rendered":"<p>MOSKOVA (SANA) &#8211;\u00a0 Bug\u00fcn Rus hava savunma sistemleri, Rusya&#8217;n\u0131n g\u00fcneybat\u0131s\u0131ndaki Belgorod B\u00f6lgesini hedef alan iki Ukrayna f\u00fczesini d\u00fc\u015f\u00fcrd\u00fc. Rusya Savunma Bakanl\u0131\u011f\u0131, TASS \u00fczerinden tapt\u0131\u011f\u0131 a\u00e7\u0131klamada, Belgorod b\u00f6lgesinde Kiev g\u00fc\u00e7lerinin ate\u015fledi\u011fi iki &#8220;Olkha&#8221; f\u00fczesinin vuruldu\u011funu belirtti. Telegram Kanal\u0131m\u0131z\u00a0||X Platformumuz\u00a0||Facebook Sayfam\u0131z<\/p>\n","protected":false},"author":41,"featured_media":301403,"comment_status":"closed","ping_status":"closed","sticky":false,"template":"","format":"standard","meta":{"footnotes":""},"categories":[458,459,17988],"tags":[41362],"class_list":["post-301402","post","type-post","status-publish","format-standard","has-post-thumbnail","","category-dunya1","category-haberler-arap-uluslararasi-politika","category-son-haberler","tag-rus-ordusu-belgorodu-hedef-alan-iki-ukrayna-fuzesini-dusurdu"],"_links":{"self":[{"href":"https:\/\/archive.sana.sy\/tr\/index.php?rest_route=\/wp\/v2\/posts\/301402","targetHints":{"allow":["GET"]}}],"collection":[{"href":"https:\/\/archive.sana.sy\/tr\/index.php?rest_route=\/wp\/v2\/posts"}],"about":[{"href":"https:\/\/archive.sana.sy\/tr\/index.php?rest_route=\/wp\/v2\/types\/post"}],"author":[{"embeddable":true,"href":"https:\/\/archive.sana.sy\/tr\/index.php?rest_route=\/wp\/v2\/users\/41"}],"replies":[{"embeddable":true,"href":"https:\/\/archive.sana.sy\/tr\/index.php?rest_route=%2Fwp%2Fv2%2Fcomments&post=301402"}],"version-history":[{"count":1,"href":"https:\/\/archive.sana.sy\/tr\/index.php?rest_route=\/wp\/v2\/posts\/301402\/revisions"}],"predecessor-version":[{"id":301404,"href":"https:\/\/archive.sana.sy\/tr\/index.php?rest_route=\/wp\/v2\/posts\/301402\/revisions\/301404"}],"wp:featuredmedia":[{"embeddable":true,"href":"https:\/\/archive.sana.sy\/tr\/index.php?rest_route=\/wp\/v2\/media\/301403"}],"wp:attachment":[{"href":"https:\/\/archive.sana.sy\/tr\/index.php?rest_route=%2Fwp%2Fv2%2Fmedia&parent=301402"}],"wp:term":[{"taxonomy":"category","embeddable":true,"href":"https:\/\/archive.sana.sy\/tr\/index.php?rest_route=%2Fwp%2Fv2%2Fcategories&post=301402"},{"taxonomy":"post_tag","embeddable":true,"href":"https:\/\/archive.sana.sy\/tr\/index.php?rest_route=%2Fwp%2Fv2%2Ftags&post=301402"}],"curies":[{"name":"wp","href":"https:\/\/api.w.org\/{rel}","templated":true}]}}