{"id":301413,"date":"2024-05-10T17:07:18","date_gmt":"2024-05-10T14:07:18","guid":{"rendered":"https:\/\/sana.sy\/tr\/?p=301413"},"modified":"2024-05-12T08:56:38","modified_gmt":"2024-05-12T05:56:38","slug":"suriye-astronomi-dernegi-gunes-yuzeyinde-meydana-gelen-en-guclu-dorduncu-patlamayi-izledi","status":"publish","type":"post","link":"https:\/\/archive.sana.sy\/tr\/?p=301413","title":{"rendered":"Suriye Astronomi Derne\u011fi, G\u00fcne\u015f Y\u00fczeyinde Meydana Gelen En G\u00fc\u00e7l\u00fc D\u00f6rd\u00fcnc\u00fc Patlamay\u0131 \u0130zledi"},"content":{"rendered":"<p style=\"text-align: justify;\"><strong>\u015eAM (SANA) &#8211;<\/strong> \u00a0Suriye Astronomi Derne\u011fi&#8217;nin bug\u00fcn yay\u0131nlad\u0131\u011f\u0131 a\u00e7\u0131ka\u015fmas\u0131na g\u00f6re, Suriye Astronomi Derne\u011fi, en y\u00fcksek X-\u0131\u015f\u0131n\u0131 ak\u0131\u015f\u0131 a\u00e7\u0131s\u0131ndan 25. d\u00f6ng\u00fcs\u00fcndeki d\u00f6rd\u00fcnc\u00fc en g\u00fc\u00e7l\u00fc g\u00fcne\u015f patlamas\u0131 olan G\u00fcne\u015f&#8217;in y\u00fczeyinde meydana gelen g\u00fc\u00e7l\u00fc bir patlamay\u0131 izledi.<\/p>\n<p style=\"text-align: justify;\">Dernek yapt\u0131\u011f\u0131 a\u00e7\u0131klamas\u0131nda, SANA muhabirine yapt\u0131\u011f\u0131 a\u00e7\u0131klamada, Bu sabah g\u00fcne\u015f, g\u00fcne\u015fin g\u00fcneybat\u0131 \u00e7eyre\u011findeki g\u00fcne\u015f lekesinden (AR 3664) kategori (X 3.98) g\u00fc\u00e7l\u00fc bir g\u00fcne\u015f patlamas\u0131 yay\u0131nlad\u0131. Par\u0131lt\u0131n\u0131n zirvesine (6:54 UTC) (\u015eam saatiyle 9:54) ula\u015ft\u0131\u2019\u2019 dedi.<\/p>\n<p style=\"text-align: justify;\">Dernek ayr\u0131ca, \u2018\u2019Bu par\u0131lt\u0131, Asya, Avrupa, Afrika, kuzeydo\u011fu Kuzey Amerika, Kuzey Kutbu, Hint Okyanusu ve Atlantik Okyanusu&#8217;nda R3 d\u00fczeyinde g\u00fc\u00e7l\u00fc bir radyo dalgalar\u0131n\u0131n kararmas\u0131na yol a\u00e7t\u0131. Bu parlamaya koronal k\u00fctle at\u0131m\u0131 (CME) ve 1248 km\/s h\u0131zla kaydedilen tip II radyo emisyonu e\u015flik etti\u2019\u2019 ifadelerini s\u00f6zlerine ekledi.<\/p>\n<p style=\"text-align: justify;\">Dernek a\u00e7\u0131klamas\u0131nda da, \u2018\u2019 Par\u0131lt\u0131n\u0131n olu\u015ftu\u011fu bu alan do\u011frudan D\u00fcnya&#8217;ya d\u00f6n\u00fck olmasa da \u00f6n\u00fcm\u00fczdeki g\u00fcnlerde D\u00fcnya&#8217;ya bir darbe gelmesinin hala m\u00fcmk\u00fcn oldu\u011funu ve bunun \u00f6n\u00fcm\u00fczdeki saatlerde do\u011frulanaca\u011f\u0131n\u0131 belirtti\u2019\u2019 ifadelerini kulland\u0131.<\/p>\n<p style=\"text-align: justify;\">G\u00fcne\u015f patlamalar\u0131n\u0131n g\u00fcne\u015f y\u00fczeyindeki g\u00fcne\u015f lekelerinde meydana gelen dev patlamalar oldu\u011fu ve bu patlamalar\u0131n ayn\u0131 anda milyonlarca n\u00fckleer bomban\u0131n bir araya gelmesiyle patlamas\u0131na e\u015f de\u011fer miktarda enerji a\u00e7\u0131\u011fa \u00e7\u0131kard\u0131\u011f\u0131 dikkat \u00e7ekiyor.<\/p>\n<p style=\"text-align: center;\"><strong><a href=\"https:\/\/t.me\/SuriyeArapHaberAjansI\">Telegram Kanal\u0131m\u0131z\u00a0<\/a>||<a href=\"https:\/\/twitter.com\/arap_ajans\">X Platformumuz\u00a0<\/a>||<a href=\"https:\/\/www.facebook.com\/SANAHaberAjansi\/\">Facebook Sayfam\u0131z<\/a><\/strong><\/p>\n","protected":false},"excerpt":{"rendered":"<p>\u015eAM (SANA) &#8211; \u00a0Suriye Astronomi Derne\u011fi&#8217;nin bug\u00fcn yay\u0131nlad\u0131\u011f\u0131 a\u00e7\u0131ka\u015fmas\u0131na g\u00f6re, Suriye Astronomi Derne\u011fi, en y\u00fcksek X-\u0131\u015f\u0131n\u0131 ak\u0131\u015f\u0131 a\u00e7\u0131s\u0131ndan 25. d\u00f6ng\u00fcs\u00fcndeki d\u00f6rd\u00fcnc\u00fc en g\u00fc\u00e7l\u00fc g\u00fcne\u015f patlamas\u0131 olan G\u00fcne\u015f&#8217;in y\u00fczeyinde meydana gelen g\u00fc\u00e7l\u00fc bir patlamay\u0131 izledi. Dernek yapt\u0131\u011f\u0131 a\u00e7\u0131klamas\u0131nda, SANA muhabirine yapt\u0131\u011f\u0131 a\u00e7\u0131klamada, Bu sabah g\u00fcne\u015f, g\u00fcne\u015fin g\u00fcneybat\u0131 \u00e7eyre\u011findeki g\u00fcne\u015f lekesinden (AR 3664) kategori (X 3.98) g\u00fc\u00e7l\u00fc &hellip;<\/p>\n","protected":false},"author":41,"featured_media":301414,"comment_status":"closed","ping_status":"closed","sticky":false,"template":"","format":"standard","meta":{"footnotes":""},"categories":[526,479,17988,525,478],"tags":[41366,41365,41367],"class_list":["post-301413","post","type-post","status-publish","format-standard","has-post-thumbnail","","category-haber-ve-raporlar","category-haberler-yerel","category-son-haberler","category-toplum","category-yerel","tag-gunes-yuzeyinde-meydana-gelen-en-guclu-dorduncu-patlamayi-izledi","tag-suriye-astronomi-dernegi","tag-x-isini-akisi"],"_links":{"self":[{"href":"https:\/\/archive.sana.sy\/tr\/index.php?rest_route=\/wp\/v2\/posts\/301413","targetHints":{"allow":["GET"]}}],"collection":[{"href":"https:\/\/archive.sana.sy\/tr\/index.php?rest_route=\/wp\/v2\/posts"}],"about":[{"href":"https:\/\/archive.sana.sy\/tr\/index.php?rest_route=\/wp\/v2\/types\/post"}],"author":[{"embeddable":true,"href":"https:\/\/archive.sana.sy\/tr\/index.php?rest_route=\/wp\/v2\/users\/41"}],"replies":[{"embeddable":true,"href":"https:\/\/archive.sana.sy\/tr\/index.php?rest_route=%2Fwp%2Fv2%2Fcomments&post=301413"}],"version-history":[{"count":1,"href":"https:\/\/archive.sana.sy\/tr\/index.php?rest_route=\/wp\/v2\/posts\/301413\/revisions"}],"predecessor-version":[{"id":301415,"href":"https:\/\/archive.sana.sy\/tr\/index.php?rest_route=\/wp\/v2\/posts\/301413\/revisions\/301415"}],"wp:featuredmedia":[{"embeddable":true,"href":"https:\/\/archive.sana.sy\/tr\/index.php?rest_route=\/wp\/v2\/media\/301414"}],"wp:attachment":[{"href":"https:\/\/archive.sana.sy\/tr\/index.php?rest_route=%2Fwp%2Fv2%2Fmedia&parent=301413"}],"wp:term":[{"taxonomy":"category","embeddable":true,"href":"https:\/\/archive.sana.sy\/tr\/index.php?rest_route=%2Fwp%2Fv2%2Fcategories&post=301413"},{"taxonomy":"post_tag","embeddable":true,"href":"https:\/\/archive.sana.sy\/tr\/index.php?rest_route=%2Fwp%2Fv2%2Ftags&post=301413"}],"curies":[{"name":"wp","href":"https:\/\/api.w.org\/{rel}","templated":true}]}}