{"id":301416,"date":"2024-05-10T17:20:38","date_gmt":"2024-05-10T14:20:38","guid":{"rendered":"https:\/\/sana.sy\/tr\/?p=301416"},"modified":"2024-05-12T08:56:41","modified_gmt":"2024-05-12T05:56:41","slug":"filistin-direnisi-refah-ve-gazze-sehirlerinde-isgal-gucleriyle-karsi-karsiya-geldi","status":"publish","type":"post","link":"https:\/\/archive.sana.sy\/tr\/?p=301416","title":{"rendered":"Filistin Direni\u015fi Refah Ve Gazze \u015eehirlerinde \u0130\u015fgal G\u00fc\u00e7leriyle Kar\u015f\u0131 Kar\u015f\u0131ya Geldi"},"content":{"rendered":"<p style=\"text-align: justify;\"><strong>\u0130\u015eGAL ED\u0130LEN KUD\u00dcS (SANA) &#8211;<\/strong>\u00a0 Filistin direni\u015fi, Refah \u015fehrinin do\u011fusuna ve Gazze \u015eeridi&#8217;nin g\u00fcneyine n\u00fcfuz eden Siyonist d\u00fc\u015fman g\u00fc\u00e7leriyle kar\u015f\u0131 kar\u015f\u0131ya kald\u0131 ve \u00e7ok say\u0131da \u00fcyesi \u00f6ld\u00fc veya yaraland\u0131.<\/p>\n<p style=\"text-align: justify;\">Direni\u015f, Refah&#8217;\u0131n do\u011fusunda, \u00e7ok say\u0131da i\u015fgal askerinin TPG top mermisiyle barikat kurdu\u011fu bir binay\u0131 ve binan\u0131n alt\u0131nda bulunan bir asker ta\u015f\u0131y\u0131c\u0131y\u0131 El Yasin top mermisiyle hedef alarak karma\u015f\u0131k ve e\u015f zamanl\u0131 bir askeri operasyon ger\u00e7ekle\u015ftirdi.<\/p>\n<p style=\"text-align: justify;\">Direni\u015f ayr\u0131ca, d\u00fc\u015fmana a\u00e7\u0131lan bir t\u00fcneli zorla havaya u\u00e7urarak \u00fcyelerini \u00f6ld\u00fcrd\u00fc ve yaralad\u0131, Refah&#8217;\u0131n do\u011fusundaki baz\u0131 ekipmanlar\u0131n kontrol\u00fcn\u00fc de ele ge\u00e7irdi.<\/p>\n<p style=\"text-align: justify;\">Direni\u015f yapt\u0131\u011f\u0131 a\u00e7\u0131klamas\u0131nda da, Yasin 105 mermileriyle iki d\u00fc\u015fman tank\u0131n\u0131 hedef ald\u0131 ve ayr\u0131ca Refah&#8217;\u0131n do\u011fusundaki bir may\u0131n tarlas\u0131n\u0131 patlatarak \u00fcyelerini \u00f6l\u00fc ve yaral\u0131 b\u0131rakt\u0131ktan sonra Siyonist bir g\u00fcc\u00fc tam bir pusuya d\u00fc\u015f\u00fcrd\u00fc.<\/p>\n<p style=\"text-align: justify;\">Direni\u015f, Gazze \u015eeridi&#8217;nde devam eden \u0130srail i\u015fgal katliamlar\u0131na tepki olarak f\u00fcze salvosu ile Sufa askeri destek b\u00f6lgesini ve Miftahim yerle\u015fim blo\u011funu da hedef ald\u0131.<\/p>\n<p style=\"text-align: justify;\">Filistinli direni\u015f, \u015eeridi&#8217;nin kuzeyindeki Gazze \u015eehri&#8217;nde Siyonist d\u00fc\u015fman ara\u00e7 ve askerlerinin topland\u0131\u011f\u0131 bir alan\u0131 hedef al\u0131rken de, \u015fehrin g\u00fcneyindeki Zeytun mahallesinin do\u011fusundaki bir dizi ara\u00e7la may\u0131n ve y\u00fcksek patlay\u0131c\u0131 yer ayg\u0131tlar\u0131yla dolu bir alan\u0131 patlatt\u0131.<\/p>\n<p style=\"text-align: justify;\">Filistin direni\u015fi, Gazze \u015eehri&#8217;nin El Sabra mahallesinin g\u00fcneyine giren d\u00fc\u015fman askerlerini ve ara\u00e7lar\u0131n\u0131 a\u011f\u0131r havan toplar\u0131yla bombalad\u0131. Ayr\u0131ca Gazze \u015fehrinin g\u00fcneyindeki \u201cNetzarim\u201d eksenindeki d\u00fc\u015fman kuvvetlerini de \u201cRajum\u201d f\u00fcze sistemiyle bombalad\u0131.<\/p>\n<p style=\"text-align: center;\"><strong><a href=\"https:\/\/t.me\/SuriyeArapHaberAjansI\">Telegram Kanal\u0131m\u0131z\u00a0<\/a>||<a href=\"https:\/\/twitter.com\/arap_ajans\">X Platformumuz\u00a0<\/a>||<a href=\"https:\/\/www.facebook.com\/SANAHaberAjansi\/\">Facebook Sayfam\u0131z<\/a><\/strong><\/p>\n","protected":false},"excerpt":{"rendered":"<p>\u0130\u015eGAL ED\u0130LEN KUD\u00dcS (SANA) &#8211;\u00a0 Filistin direni\u015fi, Refah \u015fehrinin do\u011fusuna ve Gazze \u015eeridi&#8217;nin g\u00fcneyine n\u00fcfuz eden Siyonist d\u00fc\u015fman g\u00fc\u00e7leriyle kar\u015f\u0131 kar\u015f\u0131ya kald\u0131 ve \u00e7ok say\u0131da \u00fcyesi \u00f6ld\u00fc veya yaraland\u0131. Direni\u015f, Refah&#8217;\u0131n do\u011fusunda, \u00e7ok say\u0131da i\u015fgal askerinin TPG top mermisiyle barikat kurdu\u011fu bir binay\u0131 ve binan\u0131n alt\u0131nda bulunan bir asker ta\u015f\u0131y\u0131c\u0131y\u0131 El Yasin top mermisiyle hedef &hellip;<\/p>\n","protected":false},"author":41,"featured_media":301417,"comment_status":"closed","ping_status":"closed","sticky":false,"template":"","format":"standard","meta":{"footnotes":""},"categories":[458,459,17988],"tags":[41368],"class_list":["post-301416","post","type-post","status-publish","format-standard","has-post-thumbnail","","category-dunya1","category-haberler-arap-uluslararasi-politika","category-son-haberler","tag-filistin-direnisi-refah-ve-gazze-sehirlerinde-isgal-gucleriyle-karsi-karsiya-geldi"],"_links":{"self":[{"href":"https:\/\/archive.sana.sy\/tr\/index.php?rest_route=\/wp\/v2\/posts\/301416","targetHints":{"allow":["GET"]}}],"collection":[{"href":"https:\/\/archive.sana.sy\/tr\/index.php?rest_route=\/wp\/v2\/posts"}],"about":[{"href":"https:\/\/archive.sana.sy\/tr\/index.php?rest_route=\/wp\/v2\/types\/post"}],"author":[{"embeddable":true,"href":"https:\/\/archive.sana.sy\/tr\/index.php?rest_route=\/wp\/v2\/users\/41"}],"replies":[{"embeddable":true,"href":"https:\/\/archive.sana.sy\/tr\/index.php?rest_route=%2Fwp%2Fv2%2Fcomments&post=301416"}],"version-history":[{"count":3,"href":"https:\/\/archive.sana.sy\/tr\/index.php?rest_route=\/wp\/v2\/posts\/301416\/revisions"}],"predecessor-version":[{"id":301420,"href":"https:\/\/archive.sana.sy\/tr\/index.php?rest_route=\/wp\/v2\/posts\/301416\/revisions\/301420"}],"wp:featuredmedia":[{"embeddable":true,"href":"https:\/\/archive.sana.sy\/tr\/index.php?rest_route=\/wp\/v2\/media\/301417"}],"wp:attachment":[{"href":"https:\/\/archive.sana.sy\/tr\/index.php?rest_route=%2Fwp%2Fv2%2Fmedia&parent=301416"}],"wp:term":[{"taxonomy":"category","embeddable":true,"href":"https:\/\/archive.sana.sy\/tr\/index.php?rest_route=%2Fwp%2Fv2%2Fcategories&post=301416"},{"taxonomy":"post_tag","embeddable":true,"href":"https:\/\/archive.sana.sy\/tr\/index.php?rest_route=%2Fwp%2Fv2%2Ftags&post=301416"}],"curies":[{"name":"wp","href":"https:\/\/api.w.org\/{rel}","templated":true}]}}