{"id":301436,"date":"2024-05-11T07:00:27","date_gmt":"2024-05-11T04:00:27","guid":{"rendered":"https:\/\/sana.sy\/tr\/?p=301436"},"modified":"2024-05-12T08:57:00","modified_gmt":"2024-05-12T05:57:00","slug":"suriyenin-katilimiyla-33-arap-zirvesinin-hazirlik-gorusmeleri-bugun-basliyor","status":"publish","type":"post","link":"https:\/\/archive.sana.sy\/tr\/?p=301436","title":{"rendered":"Suriye&#8217;nin Kat\u0131l\u0131m\u0131yla&#8230; 33. Arap Zirvesi&#8217;nin Haz\u0131rl\u0131k G\u00f6r\u00fc\u015fmeleri Bug\u00fcn Ba\u015fl\u0131yor"},"content":{"rendered":"<p style=\"text-align: justify;\"><strong>MANAMA <\/strong><strong>(SANA) <\/strong>&#8211; \u00a0Bug\u00fcn Bahreyn&#8217;in ba\u015fkenti Manama&#8217;da Suriye Arap Cumhuriyeti&#8217;nin kat\u0131l\u0131m\u0131yla Arap Devletleri Ligi Konseyi&#8217;nin zirve d\u00fczeyindeki otuz \u00fc\u00e7\u00fcnc\u00fc ola\u011fan oturumunun haz\u0131rl\u0131k toplant\u0131lar\u0131 ba\u015flayacak.<\/p>\n<p style=\"text-align: justify;\">Konsey toplant\u0131s\u0131nda, Arap \u00fclkeleri aras\u0131ndaki ekonomik entegrasyonun \u00f6neminin tart\u0131\u015f\u0131lmas\u0131n\u0131n yan\u0131 s\u0131ra, bakanlar d\u00fczeyinde Ekonomik ve Sosyal Konsey&#8217;e sunulacak bir dizi karar tasla\u011f\u0131 da tart\u0131\u015f\u0131lacak.<\/p>\n<p style=\"text-align: justify;\">Aralar\u0131ndaki i\u015fbirli\u011fi d\u00fczeyinin y\u00fckseltilmesi ve Arap \u00fclkelerinin kar\u015f\u0131 kar\u015f\u0131ya oldu\u011fu zorluklar ve risklerle y\u00fczle\u015fmede esneklik seviyelerinin y\u00fckseltilmesine katk\u0131da bulunan s\u00fcrd\u00fcr\u00fclebilir ekonomik modeller geli\u015ftirmeye \u00e7abalama ihtiyac\u0131 da g\u00f6r\u00fc\u015f\u00fclecek.<\/p>\n<p style=\"text-align: justify;\">Konsey ayr\u0131ca, genel olarak k\u00fcresel ekonomide tan\u0131k olunan de\u011fi\u015fimler \u0131\u015f\u0131\u011f\u0131nda, bakanlar d\u00fczeyinde ortak Arap ekonomik ve sosyal eylemini geli\u015ftirmenin yollar\u0131n\u0131 da masaya yat\u0131r\u0131yor.<\/p>\n<p style=\"text-align: justify;\">Ekonomik ve Sosyal Konsey toplant\u0131lar\u0131na kat\u0131lan Suriye heyetinde Ekonomi ve D\u0131\u015f Ticaret Bakan\u0131\u00a0 Muhammed Samir El Halil ve Ekonomik Kalk\u0131nmadan Sorumlu Bakan Yard\u0131mc\u0131s\u0131 Raniya Ahmed yer al\u0131yor.<\/p>\n<p style=\"text-align: center;\"><strong><a href=\"https:\/\/t.me\/SuriyeArapHaberAjansI\">Telegram Kanal\u0131m\u0131z\u00a0<\/a>||<a href=\"https:\/\/twitter.com\/arap_ajans\">X Platformumuz\u00a0<\/a>||<a href=\"https:\/\/www.facebook.com\/SANAHaberAjansi\/\">Facebook Sayfam\u0131z<\/a><\/strong><\/p>\n","protected":false},"excerpt":{"rendered":"<p>MANAMA (SANA) &#8211; \u00a0Bug\u00fcn Bahreyn&#8217;in ba\u015fkenti Manama&#8217;da Suriye Arap Cumhuriyeti&#8217;nin kat\u0131l\u0131m\u0131yla Arap Devletleri Ligi Konseyi&#8217;nin zirve d\u00fczeyindeki otuz \u00fc\u00e7\u00fcnc\u00fc ola\u011fan oturumunun haz\u0131rl\u0131k toplant\u0131lar\u0131 ba\u015flayacak. Konsey toplant\u0131s\u0131nda, Arap \u00fclkeleri aras\u0131ndaki ekonomik entegrasyonun \u00f6neminin tart\u0131\u015f\u0131lmas\u0131n\u0131n yan\u0131 s\u0131ra, bakanlar d\u00fczeyinde Ekonomik ve Sosyal Konsey&#8217;e sunulacak bir dizi karar tasla\u011f\u0131 da tart\u0131\u015f\u0131lacak. Aralar\u0131ndaki i\u015fbirli\u011fi d\u00fczeyinin y\u00fckseltilmesi ve Arap \u00fclkelerinin &hellip;<\/p>\n","protected":false},"author":36,"featured_media":301438,"comment_status":"closed","ping_status":"closed","sticky":false,"template":"","format":"standard","meta":{"footnotes":""},"categories":[458,459,17988],"tags":[41374],"class_list":["post-301436","post","type-post","status-publish","format-standard","has-post-thumbnail","","category-dunya1","category-haberler-arap-uluslararasi-politika","category-son-haberler","tag-suriyenin-katilimiyla-33-arap-zirvesinin-hazirlik-gorusmeleri-bugun-basliyor"],"_links":{"self":[{"href":"https:\/\/archive.sana.sy\/tr\/index.php?rest_route=\/wp\/v2\/posts\/301436","targetHints":{"allow":["GET"]}}],"collection":[{"href":"https:\/\/archive.sana.sy\/tr\/index.php?rest_route=\/wp\/v2\/posts"}],"about":[{"href":"https:\/\/archive.sana.sy\/tr\/index.php?rest_route=\/wp\/v2\/types\/post"}],"author":[{"embeddable":true,"href":"https:\/\/archive.sana.sy\/tr\/index.php?rest_route=\/wp\/v2\/users\/36"}],"replies":[{"embeddable":true,"href":"https:\/\/archive.sana.sy\/tr\/index.php?rest_route=%2Fwp%2Fv2%2Fcomments&post=301436"}],"version-history":[{"count":2,"href":"https:\/\/archive.sana.sy\/tr\/index.php?rest_route=\/wp\/v2\/posts\/301436\/revisions"}],"predecessor-version":[{"id":301461,"href":"https:\/\/archive.sana.sy\/tr\/index.php?rest_route=\/wp\/v2\/posts\/301436\/revisions\/301461"}],"wp:featuredmedia":[{"embeddable":true,"href":"https:\/\/archive.sana.sy\/tr\/index.php?rest_route=\/wp\/v2\/media\/301438"}],"wp:attachment":[{"href":"https:\/\/archive.sana.sy\/tr\/index.php?rest_route=%2Fwp%2Fv2%2Fmedia&parent=301436"}],"wp:term":[{"taxonomy":"category","embeddable":true,"href":"https:\/\/archive.sana.sy\/tr\/index.php?rest_route=%2Fwp%2Fv2%2Fcategories&post=301436"},{"taxonomy":"post_tag","embeddable":true,"href":"https:\/\/archive.sana.sy\/tr\/index.php?rest_route=%2Fwp%2Fv2%2Ftags&post=301436"}],"curies":[{"name":"wp","href":"https:\/\/api.w.org\/{rel}","templated":true}]}}