{"id":301440,"date":"2024-05-10T22:01:57","date_gmt":"2024-05-10T19:01:57","guid":{"rendered":"https:\/\/sana.sy\/tr\/?p=301440"},"modified":"2024-05-12T08:56:49","modified_gmt":"2024-05-12T05:56:49","slug":"yetkili-makamlar-suveydede-sivillere-saldirmayi-planlayan-isid-teror-orgutune-bagli-bir-hucreyi-cokertti","status":"publish","type":"post","link":"https:\/\/archive.sana.sy\/tr\/?p=301440","title":{"rendered":"Yetkili Makamlar S\u00fcveyde&#8217;de Sivillere Sald\u0131rmay\u0131 Planlayan I\u015e\u0130D Ter\u00f6r \u00f6rg\u00fct\u00fcne Ba\u011fl\u0131 Bir H\u00fccreyi \u00c7\u00f6kertti"},"content":{"rendered":"<p style=\"text-align: justify;\"><strong>S\u00dcVEYDA (SANA) &#8211;<\/strong> S\u00fcveyde Valili\u011fi yetkili makamlar\u0131, S\u00fcveyde \u015fehrinde sivillere y\u00f6nelik ter\u00f6r operasyonu d\u00fczenlemeye \u00e7al\u0131\u015fan DA\u0130\u015e ter\u00f6r \u00f6rg\u00fct\u00fcne ba\u011fl\u0131 bir h\u00fccreyi \u00e7\u00f6kertti.<\/p>\n<p style=\"text-align: justify;\">SANA&#8217;n\u0131n S\u00fcveyde muhabiri, kentin bat\u0131 mahallesinde d\u00fczenlenen nitelikli operasyonda yetkili makamlar\u0131n, takt\u0131\u011f\u0131 patlay\u0131c\u0131 kemerle kendini havaya u\u00e7urmaya \u00e7al\u0131\u015fan bir ter\u00f6risti etkisiz hale getirdi\u011fini, ba\u015fka bir patlay\u0131c\u0131 kemer ta\u015f\u0131yan bir ter\u00f6ristin ise tutukland\u0131\u011f\u0131n\u0131 bildirdi.<\/p>\n<p style=\"text-align: justify;\">Ter\u00f6ristlerin elinde bulunan \u00e7ok say\u0131da otomatik t\u00fcfek ve m\u00fchimmat ele ge\u00e7irildi.<\/p>\n<p style=\"text-align: center;\"><strong><a href=\"https:\/\/t.me\/SuriyeArapHaberAjansI\">Telegram Kanal\u0131m\u0131z\u00a0<\/a>||<a href=\"https:\/\/twitter.com\/arap_ajans\">X Platformumuz\u00a0<\/a>||<a href=\"https:\/\/www.facebook.com\/SANAHaberAjansi\/\">Facebook Sayfam\u0131z<\/a><\/strong><\/p>\n<p>&nbsp;<\/p>\n<p>&nbsp;<\/p>\n","protected":false},"excerpt":{"rendered":"<p>S\u00dcVEYDA (SANA) &#8211; S\u00fcveyde Valili\u011fi yetkili makamlar\u0131, S\u00fcveyde \u015fehrinde sivillere y\u00f6nelik ter\u00f6r operasyonu d\u00fczenlemeye \u00e7al\u0131\u015fan DA\u0130\u015e ter\u00f6r \u00f6rg\u00fct\u00fcne ba\u011fl\u0131 bir h\u00fccreyi \u00e7\u00f6kertti. SANA&#8217;n\u0131n S\u00fcveyde muhabiri, kentin bat\u0131 mahallesinde d\u00fczenlenen nitelikli operasyonda yetkili makamlar\u0131n, takt\u0131\u011f\u0131 patlay\u0131c\u0131 kemerle kendini havaya u\u00e7urmaya \u00e7al\u0131\u015fan bir ter\u00f6risti etkisiz hale getirdi\u011fini, ba\u015fka bir patlay\u0131c\u0131 kemer ta\u015f\u0131yan bir ter\u00f6ristin ise tutukland\u0131\u011f\u0131n\u0131 bildirdi. &hellip;<\/p>\n","protected":false},"author":36,"featured_media":301441,"comment_status":"closed","ping_status":"closed","sticky":false,"template":"","format":"standard","meta":{"footnotes":""},"categories":[479,575,17988,478],"tags":[18329,38504,41375],"class_list":["post-301440","post","type-post","status-publish","format-standard","has-post-thumbnail","","category-haberler-yerel","category-olaylar-ve-gercekler","category-son-haberler","category-yerel","tag-dais","tag-suriyede-konuslu-teror-orgutleri","tag-suriyedeki-savii-etkileri"],"_links":{"self":[{"href":"https:\/\/archive.sana.sy\/tr\/index.php?rest_route=\/wp\/v2\/posts\/301440","targetHints":{"allow":["GET"]}}],"collection":[{"href":"https:\/\/archive.sana.sy\/tr\/index.php?rest_route=\/wp\/v2\/posts"}],"about":[{"href":"https:\/\/archive.sana.sy\/tr\/index.php?rest_route=\/wp\/v2\/types\/post"}],"author":[{"embeddable":true,"href":"https:\/\/archive.sana.sy\/tr\/index.php?rest_route=\/wp\/v2\/users\/36"}],"replies":[{"embeddable":true,"href":"https:\/\/archive.sana.sy\/tr\/index.php?rest_route=%2Fwp%2Fv2%2Fcomments&post=301440"}],"version-history":[{"count":2,"href":"https:\/\/archive.sana.sy\/tr\/index.php?rest_route=\/wp\/v2\/posts\/301440\/revisions"}],"predecessor-version":[{"id":301462,"href":"https:\/\/archive.sana.sy\/tr\/index.php?rest_route=\/wp\/v2\/posts\/301440\/revisions\/301462"}],"wp:featuredmedia":[{"embeddable":true,"href":"https:\/\/archive.sana.sy\/tr\/index.php?rest_route=\/wp\/v2\/media\/301441"}],"wp:attachment":[{"href":"https:\/\/archive.sana.sy\/tr\/index.php?rest_route=%2Fwp%2Fv2%2Fmedia&parent=301440"}],"wp:term":[{"taxonomy":"category","embeddable":true,"href":"https:\/\/archive.sana.sy\/tr\/index.php?rest_route=%2Fwp%2Fv2%2Fcategories&post=301440"},{"taxonomy":"post_tag","embeddable":true,"href":"https:\/\/archive.sana.sy\/tr\/index.php?rest_route=%2Fwp%2Fv2%2Ftags&post=301440"}],"curies":[{"name":"wp","href":"https:\/\/api.w.org\/{rel}","templated":true}]}}