{"id":301651,"date":"2024-05-14T11:32:22","date_gmt":"2024-05-14T08:32:22","guid":{"rendered":"https:\/\/sana.sy\/tr\/?p=301651"},"modified":"2024-05-16T10:17:48","modified_gmt":"2024-05-16T07:17:48","slug":"lubnanda-yerinden-edilen-suriyeliler-ulkelerine-donmeye-devam-ediyor","status":"publish","type":"post","link":"https:\/\/archive.sana.sy\/tr\/?p=301651","title":{"rendered":"L\u00fcbnan&#8217;da Yerinden Edilen Suriyeliler \u00dclkelerine D\u00f6nmeye Devam Ediyor"},"content":{"rendered":"<p style=\"text-align: justify;\"><strong>\u0130LLER (SANA)<\/strong> &#8211; \u00a0L\u00fcbnan&#8217;daki m\u00fclteci kamplar\u0131nda ya\u015fayan onlarca yerinden edilmi\u015f aile, bug\u00fcn \u015eam k\u0131rsal\u0131ndaki El Zamrani ge\u00e7i\u015f noktalar\u0131ndan ve Homs k\u0131rsal\u0131ndaki Cusiyye ge\u00e7i\u015f noktalar\u0131ndan ilgili yetkililerin kolay prosed\u00fcrleriyle ter\u00f6rden ar\u0131nd\u0131r\u0131lm\u0131\u015f g\u00fcvenli k\u00f6y ve kasabalar\u0131na geri d\u00f6nd\u00fc.<\/p>\n<p style=\"text-align: justify;\">SANA&#8217;n\u0131n Kalamun b\u00f6lgesindeki El Zemrani s\u0131n\u0131r kap\u0131s\u0131ndaki el\u00e7isi, L\u00fcbnan&#8217;dan gelen onlarca yerinden edilmi\u015f Suriyelinin baz\u0131 e\u015fyalar\u0131n\u0131 da alarak geldi\u011fini bildirdi.<\/p>\n<p style=\"text-align: justify;\"><img loading=\"lazy\" decoding=\"async\" class=\"size-full wp-image-301654 alignright\" src=\"http:\/\/sana.sy\/tr\/wp-content\/uploads\/2024\/05\/AMR_6409-300x200-1.jpg\" alt=\"\" width=\"300\" height=\"200\" \/>\u0130lgili makamlar ise, geri d\u00f6nenlerin ki\u015fisel bilgilerini ve k\u00f6y ve kasabalar\u0131ndaki daimi ikamet adreslerini, onlar\u0131n i\u015flerini ve durumlar\u0131n\u0131 takip etmek, ilgili makamlar ve sa\u011fl\u0131k ekipleri taraf\u0131ndan kendilerine yard\u0131mc\u0131 olmak \u00fczere olu\u015fturulan bir komite taraf\u0131ndan kolay bir \u015fekilde kay\u0131t alt\u0131na ald\u0131.<\/p>\n<p style=\"text-align: justify;\">Bir saha kayna\u011f\u0131, SANA delegelerine, \u00f6n\u00fcm\u00fczdeki g\u00fcnlerde b\u00fcy\u00fck olas\u0131l\u0131kla daha fazla yerinden edilmi\u015f ailenin El Zemrani ge\u00e7i\u015f noktas\u0131 ve \u015eam ve Humus k\u0131rsal\u0131ndaki di\u011fer ge\u00e7i\u015f noktalar\u0131 \u00fczerinden L\u00fcbnan&#8217;a geri d\u00f6n\u00fc\u015flerine tan\u0131k olunaca\u011f\u0131n\u0131 s\u00f6yledi.<\/p>\n<p style=\"text-align: justify;\">Geri d\u00f6nen yerinden edilmi\u015f ki\u015filerin bir k\u0131sm\u0131, Suriye Arap Ordusu taraf\u0131ndan \u00f6zg\u00fcrle\u015ftirilmeden ve g\u00fcvenlik ve g\u00fcvenlik sa\u011flanmadan \u00f6nce ter\u00f6r \u00f6rg\u00fctlerinin kendilerini b\u00f6lgelerinden s\u00fcrmesinin ard\u0131ndan anavatanlar\u0131na d\u00f6nmenin rahatl\u0131\u011f\u0131n\u0131 dile getirdi.<\/p>\n<p style=\"text-align: justify;\">L\u00fcbnan&#8217;da yerlerinden edilmi\u015f bir grup Suriyeli de, ilgili yetkililerin sa\u011flad\u0131\u011f\u0131 kolay prosed\u00fcrler ve ekipmanlar sayesinde Humus k\u0131rsal\u0131ndaki Jusiya s\u0131n\u0131r kap\u0131s\u0131ndan geri d\u00f6nd\u00fc.<\/p>\n<p style=\"text-align: justify;\">L\u00fcbnan topraklar\u0131ndan d\u00f6nen \u00e7ok say\u0131da yerinden edilmi\u015f ki\u015fi, &#8220;ter\u00f6r \u00f6rg\u00fctleri nedeniyle zorla yerinden edilme d\u00f6neminin&#8221; bitiminden sonra normal ve normal i\u015flerini yapmaya ba\u015flayacaklar\u0131n\u0131 ve ter\u00f6ristlerin yok etti\u011fi yerlerin onar\u0131lmas\u0131na ve restore edilmesine katk\u0131da bulunacaklar\u0131n\u0131 belirttiler.<\/p>\n<p style=\"text-align: center;\"><strong><a href=\"https:\/\/t.me\/SuriyeArapHaberAjansI\">Telegram Kanal\u0131m\u0131z\u00a0<\/a><span style=\"color: #ff0000;\">||<\/span><a href=\"https:\/\/twitter.com\/arap_ajans\">X Platformumuz\u00a0<\/a><span style=\"color: #ff0000;\">||<\/span><a href=\"https:\/\/www.facebook.com\/SANAHaberAjansi\/\">Facebook Sayfam\u0131z<\/a><\/strong><\/p>\n<div id='gallery-1' class='gallery galleryid-301651 gallery-columns-3 gallery-size-thumbnail'><figure class='gallery-item'>\n\t\t\t<div class='gallery-icon landscape'>\n\t\t\t\t<a href='https:\/\/archive.sana.sy\/tr\/?attachment_id=301655'><img loading=\"lazy\" decoding=\"async\" width=\"150\" height=\"150\" src=\"https:\/\/archive.sana.sy\/tr\/wp-content\/uploads\/2024\/05\/444444444-150x150.jpg\" class=\"attachment-thumbnail size-thumbnail\" alt=\"\" \/><\/a>\n\t\t\t<\/div><\/figure><figure class='gallery-item'>\n\t\t\t<div class='gallery-icon landscape'>\n\t\t\t\t<a href='https:\/\/archive.sana.sy\/tr\/?attachment_id=301656'><img loading=\"lazy\" decoding=\"async\" width=\"150\" height=\"150\" src=\"https:\/\/archive.sana.sy\/tr\/wp-content\/uploads\/2024\/05\/55555555555-150x150.jpg\" class=\"attachment-thumbnail size-thumbnail\" alt=\"\" \/><\/a>\n\t\t\t<\/div><\/figure><figure class='gallery-item'>\n\t\t\t<div class='gallery-icon landscape'>\n\t\t\t\t<a href='https:\/\/archive.sana.sy\/tr\/?attachment_id=301657'><img loading=\"lazy\" decoding=\"async\" width=\"150\" height=\"150\" src=\"https:\/\/archive.sana.sy\/tr\/wp-content\/uploads\/2024\/05\/66666666666-150x150.jpg\" class=\"attachment-thumbnail size-thumbnail\" alt=\"\" \/><\/a>\n\t\t\t<\/div><\/figure><figure class='gallery-item'>\n\t\t\t<div class='gallery-icon landscape'>\n\t\t\t\t<a href='https:\/\/archive.sana.sy\/tr\/?attachment_id=301658'><img loading=\"lazy\" decoding=\"async\" width=\"150\" height=\"150\" src=\"https:\/\/archive.sana.sy\/tr\/wp-content\/uploads\/2024\/05\/3333333333-150x150.jpg\" class=\"attachment-thumbnail size-thumbnail\" alt=\"\" \/><\/a>\n\t\t\t<\/div><\/figure><figure class='gallery-item'>\n\t\t\t<div class='gallery-icon landscape'>\n\t\t\t\t<a href='https:\/\/archive.sana.sy\/tr\/?attachment_id=301659'><img loading=\"lazy\" decoding=\"async\" width=\"150\" height=\"150\" src=\"https:\/\/archive.sana.sy\/tr\/wp-content\/uploads\/2024\/05\/2222222222-150x150.jpg\" class=\"attachment-thumbnail size-thumbnail\" alt=\"\" \/><\/a>\n\t\t\t<\/div><\/figure><figure class='gallery-item'>\n\t\t\t<div class='gallery-icon landscape'>\n\t\t\t\t<a href='https:\/\/archive.sana.sy\/tr\/?attachment_id=301660'><img loading=\"lazy\" decoding=\"async\" width=\"150\" height=\"150\" src=\"https:\/\/archive.sana.sy\/tr\/wp-content\/uploads\/2024\/05\/1111111111-150x150.jpg\" class=\"attachment-thumbnail size-thumbnail\" alt=\"\" \/><\/a>\n\t\t\t<\/div><\/figure>\n\t\t<\/div>\n\n","protected":false},"excerpt":{"rendered":"<p>\u0130LLER (SANA) &#8211; \u00a0L\u00fcbnan&#8217;daki m\u00fclteci kamplar\u0131nda ya\u015fayan onlarca yerinden edilmi\u015f aile, bug\u00fcn \u015eam k\u0131rsal\u0131ndaki El Zamrani ge\u00e7i\u015f noktalar\u0131ndan ve Homs k\u0131rsal\u0131ndaki Cusiyye ge\u00e7i\u015f noktalar\u0131ndan ilgili yetkililerin kolay prosed\u00fcrleriyle ter\u00f6rden ar\u0131nd\u0131r\u0131lm\u0131\u015f g\u00fcvenli k\u00f6y ve kasabalar\u0131na geri d\u00f6nd\u00fc. SANA&#8217;n\u0131n Kalamun b\u00f6lgesindeki El Zemrani s\u0131n\u0131r kap\u0131s\u0131ndaki el\u00e7isi, L\u00fcbnan&#8217;dan gelen onlarca yerinden edilmi\u015f Suriyelinin baz\u0131 e\u015fyalar\u0131n\u0131 da alarak geldi\u011fini &hellip;<\/p>\n","protected":false},"author":41,"featured_media":301652,"comment_status":"closed","ping_status":"closed","sticky":false,"template":"","format":"standard","meta":{"footnotes":""},"categories":[596,479,575,17988,478],"tags":[41416,41418,41417],"class_list":["post-301651","post","type-post","status-publish","format-standard","has-post-thumbnail","","category-fotografli-raporlar","category-haberler-yerel","category-olaylar-ve-gercekler","category-son-haberler","category-yerel","tag-lubnanda-yerinden-edilen-suriyeliler-ulkelerine-donmeye-devam-ediyor","tag-suriyeli-multeciler-ulkeleriye-ne-zaman-donecekler","tag-suriyeli-multecilerin-ulkesine-donusu"],"_links":{"self":[{"href":"https:\/\/archive.sana.sy\/tr\/index.php?rest_route=\/wp\/v2\/posts\/301651","targetHints":{"allow":["GET"]}}],"collection":[{"href":"https:\/\/archive.sana.sy\/tr\/index.php?rest_route=\/wp\/v2\/posts"}],"about":[{"href":"https:\/\/archive.sana.sy\/tr\/index.php?rest_route=\/wp\/v2\/types\/post"}],"author":[{"embeddable":true,"href":"https:\/\/archive.sana.sy\/tr\/index.php?rest_route=\/wp\/v2\/users\/41"}],"replies":[{"embeddable":true,"href":"https:\/\/archive.sana.sy\/tr\/index.php?rest_route=%2Fwp%2Fv2%2Fcomments&post=301651"}],"version-history":[{"count":1,"href":"https:\/\/archive.sana.sy\/tr\/index.php?rest_route=\/wp\/v2\/posts\/301651\/revisions"}],"predecessor-version":[{"id":301661,"href":"https:\/\/archive.sana.sy\/tr\/index.php?rest_route=\/wp\/v2\/posts\/301651\/revisions\/301661"}],"wp:featuredmedia":[{"embeddable":true,"href":"https:\/\/archive.sana.sy\/tr\/index.php?rest_route=\/wp\/v2\/media\/301652"}],"wp:attachment":[{"href":"https:\/\/archive.sana.sy\/tr\/index.php?rest_route=%2Fwp%2Fv2%2Fmedia&parent=301651"}],"wp:term":[{"taxonomy":"category","embeddable":true,"href":"https:\/\/archive.sana.sy\/tr\/index.php?rest_route=%2Fwp%2Fv2%2Fcategories&post=301651"},{"taxonomy":"post_tag","embeddable":true,"href":"https:\/\/archive.sana.sy\/tr\/index.php?rest_route=%2Fwp%2Fv2%2Ftags&post=301651"}],"curies":[{"name":"wp","href":"https:\/\/api.w.org\/{rel}","templated":true}]}}