{"id":301662,"date":"2024-05-14T12:31:48","date_gmt":"2024-05-14T09:31:48","guid":{"rendered":"https:\/\/sana.sy\/tr\/?p=301662"},"modified":"2024-05-15T08:28:57","modified_gmt":"2024-05-15T05:28:57","slug":"unrwa-450-bin-filistinli-refahtan-zorla-yerlerinden-edildi","status":"publish","type":"post","link":"https:\/\/archive.sana.sy\/tr\/?p=301662","title":{"rendered":"UNRWA: 450 Bin Filistinli Refah&#8217;tan Zorla Yerlerinden Edildi"},"content":{"rendered":"<p style=\"text-align: justify;\"><strong>\u0130\u015eGAL ED\u0130LEN KUD\u00dcS (SANA) &#8211;<\/strong> Birle\u015fmi\u015f Milletler Filistinli M\u00fcltecilere Yard\u0131m ve Bay\u0131nd\u0131rl\u0131k Ajans\u0131 <img loading=\"lazy\" decoding=\"async\" class=\"size-full wp-image-301664 alignright\" src=\"http:\/\/sana.sy\/tr\/wp-content\/uploads\/2024\/05\/5-25-300x167-1.jpg\" alt=\"\" width=\"300\" height=\"167\" \/>(UNRWA), \u0130srail i\u015fgalinin bu ay\u0131n alt\u0131s\u0131nda \u015fehri bo\u015faltma emri vermesinden bu yana yakla\u015f\u0131k 450.000 Filistinlinin Gazze \u015eeridi&#8217;nin g\u00fcneyindeki Refah \u015fehrinden zorla yerinden edildi\u011fini duyurdu.<\/p>\n<p style=\"text-align: justify;\">Wafa Ajans\u0131, UNRWA&#8217;n\u0131n bug\u00fcn yapt\u0131\u011f\u0131 a\u00e7\u0131klamada, \u2018\u2019Filistinliler s\u00fcrekli yorgunluk, a\u00e7l\u0131k ve korkuyla kar\u015f\u0131 kar\u015f\u0131ya ve aileler g\u00fcvenlik aray\u0131\u015f\u0131 i\u00e7inde ka\u00e7maya devam ederken Refah sokaklar\u0131 bo\u015ftur\u2019\u2019 diyerek, Gazze&#8217;nin kuzeyindeki bombalama operasyonlar\u0131 ve di\u011fer tahliye emirlerinin binlerce ailede daha fazla yer de\u011fi\u015ftirmeye ve korkuya yol a\u00e7t\u0131\u011f\u0131n\u0131 kaydetti.<\/p>\n<p style=\"text-align: justify;\">UNRWA ayr\u0131ca, ate\u015fkes olmadan gidecek hi\u00e7bir yer olmad\u0131\u011f\u0131n\u0131 ve g\u00fcvenli\u011fin olmayaca\u011f\u0131n\u0131 vurgulayarak, s\u00fcrekli bombalama ve g\u0131da g\u00fcvensizli\u011fi ya\u015fayan sekt\u00f6r i\u00e7in insani yard\u0131ma eri\u015fimin k\u0131s\u0131tlanmas\u0131n\u0131n bir \u00f6l\u00fcm kal\u0131m meselesi oldu\u011funu belirtti.<\/p>\n<p style=\"text-align: justify;\">UNRWA, Gazze&#8217;deki 150.000&#8217;den fazla hamile kad\u0131n\u0131n, \u00f6zellikle Refah&#8217;tan g\u00fcneye do\u011fru ya\u015fanan olumsuz yerinden edilme hareketi nedeniyle, korkun\u00e7 sa\u011fl\u0131k ko\u015fullar\u0131 ve risklerle kar\u015f\u0131 kar\u015f\u0131ya oldu\u011fu konusunda da uyard\u0131.<\/p>\n<p style=\"text-align: center;\"><strong><a href=\"https:\/\/t.me\/SuriyeArapHaberAjansI\">Telegram Kanal\u0131m\u0131z\u00a0<\/a>||<a href=\"https:\/\/twitter.com\/arap_ajans\">X Platformumuz\u00a0<\/a>||<a href=\"https:\/\/www.facebook.com\/SANAHaberAjansi\/\">Facebook Sayfam\u0131z<\/a><\/strong><\/p>\n","protected":false},"excerpt":{"rendered":"<p>\u0130\u015eGAL ED\u0130LEN KUD\u00dcS (SANA) &#8211; Birle\u015fmi\u015f Milletler Filistinli M\u00fcltecilere Yard\u0131m ve Bay\u0131nd\u0131rl\u0131k Ajans\u0131 (UNRWA), \u0130srail i\u015fgalinin bu ay\u0131n alt\u0131s\u0131nda \u015fehri bo\u015faltma emri vermesinden bu yana yakla\u015f\u0131k 450.000 Filistinlinin Gazze \u015eeridi&#8217;nin g\u00fcneyindeki Refah \u015fehrinden zorla yerinden edildi\u011fini duyurdu. Wafa Ajans\u0131, UNRWA&#8217;n\u0131n bug\u00fcn yapt\u0131\u011f\u0131 a\u00e7\u0131klamada, \u2018\u2019Filistinliler s\u00fcrekli yorgunluk, a\u00e7l\u0131k ve korkuyla kar\u015f\u0131 kar\u015f\u0131ya ve aileler g\u00fcvenlik aray\u0131\u015f\u0131 &hellip;<\/p>\n","protected":false},"author":41,"featured_media":301663,"comment_status":"closed","ping_status":"closed","sticky":false,"template":"","format":"standard","meta":{"footnotes":""},"categories":[458,479,459,17988,478],"tags":[41419],"class_list":["post-301662","post","type-post","status-publish","format-standard","has-post-thumbnail","","category-dunya1","category-haberler-yerel","category-haberler-arap-uluslararasi-politika","category-son-haberler","category-yerel","tag-unrwa-450-bin-filistinli-refahtan-zorla-yerlerinden-edildi"],"_links":{"self":[{"href":"https:\/\/archive.sana.sy\/tr\/index.php?rest_route=\/wp\/v2\/posts\/301662","targetHints":{"allow":["GET"]}}],"collection":[{"href":"https:\/\/archive.sana.sy\/tr\/index.php?rest_route=\/wp\/v2\/posts"}],"about":[{"href":"https:\/\/archive.sana.sy\/tr\/index.php?rest_route=\/wp\/v2\/types\/post"}],"author":[{"embeddable":true,"href":"https:\/\/archive.sana.sy\/tr\/index.php?rest_route=\/wp\/v2\/users\/41"}],"replies":[{"embeddable":true,"href":"https:\/\/archive.sana.sy\/tr\/index.php?rest_route=%2Fwp%2Fv2%2Fcomments&post=301662"}],"version-history":[{"count":1,"href":"https:\/\/archive.sana.sy\/tr\/index.php?rest_route=\/wp\/v2\/posts\/301662\/revisions"}],"predecessor-version":[{"id":301665,"href":"https:\/\/archive.sana.sy\/tr\/index.php?rest_route=\/wp\/v2\/posts\/301662\/revisions\/301665"}],"wp:featuredmedia":[{"embeddable":true,"href":"https:\/\/archive.sana.sy\/tr\/index.php?rest_route=\/wp\/v2\/media\/301663"}],"wp:attachment":[{"href":"https:\/\/archive.sana.sy\/tr\/index.php?rest_route=%2Fwp%2Fv2%2Fmedia&parent=301662"}],"wp:term":[{"taxonomy":"category","embeddable":true,"href":"https:\/\/archive.sana.sy\/tr\/index.php?rest_route=%2Fwp%2Fv2%2Fcategories&post=301662"},{"taxonomy":"post_tag","embeddable":true,"href":"https:\/\/archive.sana.sy\/tr\/index.php?rest_route=%2Fwp%2Fv2%2Ftags&post=301662"}],"curies":[{"name":"wp","href":"https:\/\/api.w.org\/{rel}","templated":true}]}}