{"id":301703,"date":"2024-05-15T11:46:12","date_gmt":"2024-05-15T08:46:12","guid":{"rendered":"https:\/\/sana.sy\/tr\/?p=301703"},"modified":"2024-05-16T10:18:23","modified_gmt":"2024-05-16T07:18:23","slug":"seyyid-nasrullah-hamastan-bir-heyetle-gazze-seridindeki-gelismeleri-gorustu","status":"publish","type":"post","link":"https:\/\/archive.sana.sy\/tr\/?p=301703","title":{"rendered":"Seyyid Nasrullah, Hamas&#8217;tan Bir Heyetle Gazze \u015eeridi&#8217;ndeki Geli\u015fmeleri G\u00f6r\u00fc\u015ft\u00fc"},"content":{"rendered":"<p style=\"text-align: justify;\"><strong>BEYRUT (SANA) \u2013<\/strong> L\u00fcbnan&#8217;daki Hizbullah Genel Sekreteri Seyyid Hasan Nasrullah, Filistin direni\u015f hareketi Hamas&#8217;\u0131n \u00f6nde gelen heyetiyle Halil El Hayya ba\u015fkanl\u0131\u011f\u0131ndaki, \u00f6zelde Gazze \u015eeridi&#8217;ndeki, genel olarak ise i\u015fgal edilen Filistin&#8217;deki olay ve geli\u015fmeleri masaya yatr\u0131d\u0131.<\/p>\n<p style=\"text-align: justify;\">G\u00f6r\u00fc\u015fmede, d\u00fcnyan\u0131n bir\u00e7ok yerinde Filistin&#8217;le dayan\u0131\u015fma amac\u0131yla uluslararas\u0131 siyasi duru\u015flar\u0131n ve \u00f6\u011frenci hareketlerinin sonu\u00e7lar\u0131 de\u011ferlendirilerek, Aksa Tufan\u0131 Harekat\u0131&#8217;nda Filistin direni\u015finin arad\u0131\u011f\u0131 hedeflere ula\u015fmak i\u00e7in konum birli\u011fine ve t\u00fcm siyasi ve halk saha \u00e7abalar\u0131n\u0131n devam\u0131na vurguland\u0131.<\/p>\n<p style=\"text-align: justify;\">G\u00f6r\u00fc\u015fmede ayr\u0131ca, direni\u015f ekseninin \u00e7e\u015fitli cepheleri aras\u0131ndaki i\u015fbirli\u011fi ve dayan\u0131\u015fman\u0131n d\u00fczeyi ile Siyonist d\u00fc\u015fmana kar\u015f\u0131 g\u00f6sterilen fedakarl\u0131klar da \u00f6vg\u00fcyle kar\u015f\u0131land\u0131.<\/p>\n<p style=\"text-align: center;\"><strong><a href=\"https:\/\/t.me\/SuriyeArapHaberAjansI\">Telegram Kanal\u0131m\u0131z\u00a0<\/a>||<a href=\"https:\/\/twitter.com\/arap_ajans\">X Platformumuz\u00a0<\/a>||<a href=\"https:\/\/www.facebook.com\/SANAHaberAjansi\/\">Facebook Sayfam\u0131z<\/a><\/strong><\/p>\n","protected":false},"excerpt":{"rendered":"<p>BEYRUT (SANA) \u2013 L\u00fcbnan&#8217;daki Hizbullah Genel Sekreteri Seyyid Hasan Nasrullah, Filistin direni\u015f hareketi Hamas&#8217;\u0131n \u00f6nde gelen heyetiyle Halil El Hayya ba\u015fkanl\u0131\u011f\u0131ndaki, \u00f6zelde Gazze \u015eeridi&#8217;ndeki, genel olarak ise i\u015fgal edilen Filistin&#8217;deki olay ve geli\u015fmeleri masaya yatr\u0131d\u0131. G\u00f6r\u00fc\u015fmede, d\u00fcnyan\u0131n bir\u00e7ok yerinde Filistin&#8217;le dayan\u0131\u015fma amac\u0131yla uluslararas\u0131 siyasi duru\u015flar\u0131n ve \u00f6\u011frenci hareketlerinin sonu\u00e7lar\u0131 de\u011ferlendirilerek, Aksa Tufan\u0131 Harekat\u0131&#8217;nda Filistin direni\u015finin &hellip;<\/p>\n","protected":false},"author":39,"featured_media":301704,"comment_status":"closed","ping_status":"closed","sticky":false,"template":"","format":"standard","meta":{"footnotes":""},"categories":[458,459,17988],"tags":[],"class_list":["post-301703","post","type-post","status-publish","format-standard","has-post-thumbnail","","category-dunya1","category-haberler-arap-uluslararasi-politika","category-son-haberler"],"_links":{"self":[{"href":"https:\/\/archive.sana.sy\/tr\/index.php?rest_route=\/wp\/v2\/posts\/301703","targetHints":{"allow":["GET"]}}],"collection":[{"href":"https:\/\/archive.sana.sy\/tr\/index.php?rest_route=\/wp\/v2\/posts"}],"about":[{"href":"https:\/\/archive.sana.sy\/tr\/index.php?rest_route=\/wp\/v2\/types\/post"}],"author":[{"embeddable":true,"href":"https:\/\/archive.sana.sy\/tr\/index.php?rest_route=\/wp\/v2\/users\/39"}],"replies":[{"embeddable":true,"href":"https:\/\/archive.sana.sy\/tr\/index.php?rest_route=%2Fwp%2Fv2%2Fcomments&post=301703"}],"version-history":[{"count":3,"href":"https:\/\/archive.sana.sy\/tr\/index.php?rest_route=\/wp\/v2\/posts\/301703\/revisions"}],"predecessor-version":[{"id":301729,"href":"https:\/\/archive.sana.sy\/tr\/index.php?rest_route=\/wp\/v2\/posts\/301703\/revisions\/301729"}],"wp:featuredmedia":[{"embeddable":true,"href":"https:\/\/archive.sana.sy\/tr\/index.php?rest_route=\/wp\/v2\/media\/301704"}],"wp:attachment":[{"href":"https:\/\/archive.sana.sy\/tr\/index.php?rest_route=%2Fwp%2Fv2%2Fmedia&parent=301703"}],"wp:term":[{"taxonomy":"category","embeddable":true,"href":"https:\/\/archive.sana.sy\/tr\/index.php?rest_route=%2Fwp%2Fv2%2Fcategories&post=301703"},{"taxonomy":"post_tag","embeddable":true,"href":"https:\/\/archive.sana.sy\/tr\/index.php?rest_route=%2Fwp%2Fv2%2Ftags&post=301703"}],"curies":[{"name":"wp","href":"https:\/\/api.w.org\/{rel}","templated":true}]}}