{"id":301778,"date":"2024-05-16T11:38:37","date_gmt":"2024-05-16T08:38:37","guid":{"rendered":"https:\/\/sana.sy\/tr\/?p=301778"},"modified":"2024-05-16T12:12:06","modified_gmt":"2024-05-16T09:12:06","slug":"sayin-cumhurbaskani-bessar-esad-arap-birligi-konseyinin-zirve-duzeyindeki-toplantisinin-otuz-ucuncu-oturumunun-calismalarina-katilmak-uzere-bahreynin-baskenti-manamaya-geldi","status":"publish","type":"post","link":"https:\/\/archive.sana.sy\/tr\/?p=301778","title":{"rendered":"Say\u0131n Cumhurba\u015fkan\u0131 Be\u015f\u015far Esad, Arap Birli\u011fi Konseyi&#8217;nin zirve d\u00fczeyindeki toplant\u0131s\u0131n\u0131n otuz \u00fc\u00e7\u00fcnc\u00fc oturumunun \u00e7al\u0131\u015fmalar\u0131na kat\u0131lmak \u00fczere Bahreyn&#8217;in ba\u015fkenti Manama&#8217;ya geldi."},"content":{"rendered":"","protected":false},"excerpt":{"rendered":"","protected":false},"author":39,"featured_media":0,"comment_status":"closed","ping_status":"closed","sticky":false,"template":"","format":"standard","meta":{"footnotes":""},"categories":[1],"tags":[],"class_list":["post-301778","post","type-post","status-publish","format-standard","","category-news-not-sorted"],"_links":{"self":[{"href":"https:\/\/archive.sana.sy\/tr\/index.php?rest_route=\/wp\/v2\/posts\/301778","targetHints":{"allow":["GET"]}}],"collection":[{"href":"https:\/\/archive.sana.sy\/tr\/index.php?rest_route=\/wp\/v2\/posts"}],"about":[{"href":"https:\/\/archive.sana.sy\/tr\/index.php?rest_route=\/wp\/v2\/types\/post"}],"author":[{"embeddable":true,"href":"https:\/\/archive.sana.sy\/tr\/index.php?rest_route=\/wp\/v2\/users\/39"}],"replies":[{"embeddable":true,"href":"https:\/\/archive.sana.sy\/tr\/index.php?rest_route=%2Fwp%2Fv2%2Fcomments&post=301778"}],"version-history":[{"count":1,"href":"https:\/\/archive.sana.sy\/tr\/index.php?rest_route=\/wp\/v2\/posts\/301778\/revisions"}],"predecessor-version":[{"id":301779,"href":"https:\/\/archive.sana.sy\/tr\/index.php?rest_route=\/wp\/v2\/posts\/301778\/revisions\/301779"}],"wp:attachment":[{"href":"https:\/\/archive.sana.sy\/tr\/index.php?rest_route=%2Fwp%2Fv2%2Fmedia&parent=301778"}],"wp:term":[{"taxonomy":"category","embeddable":true,"href":"https:\/\/archive.sana.sy\/tr\/index.php?rest_route=%2Fwp%2Fv2%2Fcategories&post=301778"},{"taxonomy":"post_tag","embeddable":true,"href":"https:\/\/archive.sana.sy\/tr\/index.php?rest_route=%2Fwp%2Fv2%2Ftags&post=301778"}],"curies":[{"name":"wp","href":"https:\/\/api.w.org\/{rel}","templated":true}]}}