{"id":301808,"date":"2024-05-16T13:11:22","date_gmt":"2024-05-16T10:11:22","guid":{"rendered":"https:\/\/sana.sy\/tr\/?p=301808"},"modified":"2024-05-16T14:17:24","modified_gmt":"2024-05-16T11:17:24","slug":"sayin-cumhurbaskani-bessar-esad-arap-birligi-konseyinin-zirve-duzeyindeki-toplantisinin-otuz-ucuncu-oturumunun-calismalarina-katilmak-uzere-bahreynin-baskenti-manamadaki-sahir-sarayina-geldi","status":"publish","type":"post","link":"https:\/\/archive.sana.sy\/tr\/?p=301808","title":{"rendered":"Say\u0131n Cumhurba\u015fkan\u0131 Be\u015f\u015far Esad, Arap Birli\u011fi Konseyi&#8217;nin zirve d\u00fczeyindeki toplant\u0131s\u0131n\u0131n otuz \u00fc\u00e7\u00fcnc\u00fc oturumunun \u00e7al\u0131\u015fmalar\u0131na kat\u0131lmak \u00fczere Bahreyn&#8217;in ba\u015fkenti Manama&#8217;daki Sahir Saray\u0131&#8217;na geldi."},"content":{"rendered":"","protected":false},"excerpt":{"rendered":"","protected":false},"author":39,"featured_media":0,"comment_status":"closed","ping_status":"closed","sticky":false,"template":"","format":"standard","meta":{"footnotes":""},"categories":[1],"tags":[],"class_list":["post-301808","post","type-post","status-publish","format-standard","","category-news-not-sorted"],"_links":{"self":[{"href":"https:\/\/archive.sana.sy\/tr\/index.php?rest_route=\/wp\/v2\/posts\/301808","targetHints":{"allow":["GET"]}}],"collection":[{"href":"https:\/\/archive.sana.sy\/tr\/index.php?rest_route=\/wp\/v2\/posts"}],"about":[{"href":"https:\/\/archive.sana.sy\/tr\/index.php?rest_route=\/wp\/v2\/types\/post"}],"author":[{"embeddable":true,"href":"https:\/\/archive.sana.sy\/tr\/index.php?rest_route=\/wp\/v2\/users\/39"}],"replies":[{"embeddable":true,"href":"https:\/\/archive.sana.sy\/tr\/index.php?rest_route=%2Fwp%2Fv2%2Fcomments&post=301808"}],"version-history":[{"count":1,"href":"https:\/\/archive.sana.sy\/tr\/index.php?rest_route=\/wp\/v2\/posts\/301808\/revisions"}],"predecessor-version":[{"id":301809,"href":"https:\/\/archive.sana.sy\/tr\/index.php?rest_route=\/wp\/v2\/posts\/301808\/revisions\/301809"}],"wp:attachment":[{"href":"https:\/\/archive.sana.sy\/tr\/index.php?rest_route=%2Fwp%2Fv2%2Fmedia&parent=301808"}],"wp:term":[{"taxonomy":"category","embeddable":true,"href":"https:\/\/archive.sana.sy\/tr\/index.php?rest_route=%2Fwp%2Fv2%2Fcategories&post=301808"},{"taxonomy":"post_tag","embeddable":true,"href":"https:\/\/archive.sana.sy\/tr\/index.php?rest_route=%2Fwp%2Fv2%2Ftags&post=301808"}],"curies":[{"name":"wp","href":"https:\/\/api.w.org\/{rel}","templated":true}]}}