{"id":301811,"date":"2024-05-16T14:17:50","date_gmt":"2024-05-16T11:17:50","guid":{"rendered":"https:\/\/sana.sy\/tr\/?p=301811"},"modified":"2024-05-16T14:26:56","modified_gmt":"2024-05-16T11:26:56","slug":"cumhurbaskani-bessar-esadin-katilimiyla-arap-birligi-konseyi-toplantisinin-otuz-ucuncu-oturumu-manamadaki-zirve-seviyesinde-basliyor","status":"publish","type":"post","link":"https:\/\/archive.sana.sy\/tr\/?p=301811","title":{"rendered":"Cumhurba\u015fkan\u0131 Be\u015f\u015far Esad&#8217;\u0131n kat\u0131l\u0131m\u0131yla&#8230; Arap Birli\u011fi Konseyi toplant\u0131s\u0131n\u0131n otuz \u00fc\u00e7\u00fcnc\u00fc oturumu Manama&#8217;daki zirve seviyesinde ba\u015fl\u0131yor."},"content":{"rendered":"","protected":false},"excerpt":{"rendered":"","protected":false},"author":39,"featured_media":0,"comment_status":"closed","ping_status":"closed","sticky":false,"template":"","format":"standard","meta":{"footnotes":""},"categories":[1],"tags":[],"class_list":["post-301811","post","type-post","status-publish","format-standard","","category-news-not-sorted"],"_links":{"self":[{"href":"https:\/\/archive.sana.sy\/tr\/index.php?rest_route=\/wp\/v2\/posts\/301811","targetHints":{"allow":["GET"]}}],"collection":[{"href":"https:\/\/archive.sana.sy\/tr\/index.php?rest_route=\/wp\/v2\/posts"}],"about":[{"href":"https:\/\/archive.sana.sy\/tr\/index.php?rest_route=\/wp\/v2\/types\/post"}],"author":[{"embeddable":true,"href":"https:\/\/archive.sana.sy\/tr\/index.php?rest_route=\/wp\/v2\/users\/39"}],"replies":[{"embeddable":true,"href":"https:\/\/archive.sana.sy\/tr\/index.php?rest_route=%2Fwp%2Fv2%2Fcomments&post=301811"}],"version-history":[{"count":1,"href":"https:\/\/archive.sana.sy\/tr\/index.php?rest_route=\/wp\/v2\/posts\/301811\/revisions"}],"predecessor-version":[{"id":301812,"href":"https:\/\/archive.sana.sy\/tr\/index.php?rest_route=\/wp\/v2\/posts\/301811\/revisions\/301812"}],"wp:attachment":[{"href":"https:\/\/archive.sana.sy\/tr\/index.php?rest_route=%2Fwp%2Fv2%2Fmedia&parent=301811"}],"wp:term":[{"taxonomy":"category","embeddable":true,"href":"https:\/\/archive.sana.sy\/tr\/index.php?rest_route=%2Fwp%2Fv2%2Fcategories&post=301811"},{"taxonomy":"post_tag","embeddable":true,"href":"https:\/\/archive.sana.sy\/tr\/index.php?rest_route=%2Fwp%2Fv2%2Ftags&post=301811"}],"curies":[{"name":"wp","href":"https:\/\/api.w.org\/{rel}","templated":true}]}}