{"id":301862,"date":"2024-05-16T14:03:32","date_gmt":"2024-05-16T11:03:32","guid":{"rendered":"https:\/\/sana.sy\/tr\/?p=301862"},"modified":"2024-05-17T09:02:31","modified_gmt":"2024-05-17T06:02:31","slug":"israil-dusmani-lubnan-topraklarina-saldirganliklarini-surduruyor","status":"publish","type":"post","link":"https:\/\/archive.sana.sy\/tr\/?p=301862","title":{"rendered":"D\u00fc\u015fman \u0130srail L\u00fcbnan Topraklar\u0131na Sald\u0131rganl\u0131klar\u0131n\u0131 S\u00fcrd\u00fcr\u00fcyor"},"content":{"rendered":"<p style=\"text-align: justify;\"><strong>BEYRUT(SANA) &#8211;<\/strong> D\u00fc\u015fman \u0130srail&#8217;in d\u00fcn gece ve bu sabah L\u00fcbnan&#8217;daki k\u00f6y ve kasabalara y\u00f6nelik sald\u0131rganliklar\u0131n\u0131 s\u00fcrd\u00fcrmesi, bir ki\u015finin yaralanmas\u0131na ve \u00e7ok say\u0131da orman\u0131n yang\u0131na yol a\u00e7mas\u0131na neden oldu.<\/p>\n<p style=\"text-align: justify;\">L\u00fcbnan Ulusal Haber Ajans\u0131, \u201cL\u00fcbnan&#8217;\u0131n do\u011fusundaki s\u0131rada\u011flar\u0131n eteklerinin, El Hureyba kasabas\u0131n\u0131n eteklerindeki Nabi Sreij b\u00f6lgesini hedef alan havadan karaya f\u00fczelerle be\u015f d\u00fc\u015fman sald\u0131r\u0131s\u0131na maruz kalmas\u0131 sonucu bir ki\u015finin yaraland\u0131\u011f\u0131n\u0131\u201d bildirdi. Baalbek il\u00e7esinde ise hedeflenen yerde yang\u0131n \u00e7\u0131kmas\u0131 sonucu maddi hasar meydana geldi\u011fini kaydetti.<\/p>\n<p style=\"text-align: justify;\">D\u00fc\u015fman sava\u015f u\u00e7aklar\u0131, Hula il\u00e7esinin d\u0131\u015f mahalleleri ile Ayta El \u015eaab kasabas\u0131n\u0131 hedef alan bask\u0131nlar d\u00fczenledi.<\/p>\n<p style=\"text-align: justify;\">D\u00fc\u015fman top\u00e7usu ayr\u0131ca g\u00fcneydeki \u015eihin kasabas\u0131n\u0131n ucra mahallelerini ve Vadi Zibkin&#8217;i de \u00e7ok say\u0131da top mermisiyle bombalad\u0131.<\/p>\n<p style=\"text-align: justify;\">Nakura, Tayir Harfa, El \u015eaab ve \u015eihin k\u00f6ylerinin semalar\u0131ndan Sur k\u0131y\u0131lar\u0131na ula\u015fan \u0130HA u\u00e7u\u015fuyla ayn\u0131 zamana denk geldi.<\/p>\n<p style=\"text-align: center;\"><strong><a href=\"https:\/\/t.me\/SuriyeArapHaberAjansI\">Telegram Kanal\u0131m\u0131z\u00a0<\/a>||<a href=\"https:\/\/twitter.com\/arap_ajans\">X Platformumuz\u00a0<\/a>||<a href=\"https:\/\/www.facebook.com\/SANAHaberAjansi\/\">Facebook Sayfam\u0131z<\/a><\/strong><\/p>\n","protected":false},"excerpt":{"rendered":"<p>BEYRUT(SANA) &#8211; D\u00fc\u015fman \u0130srail&#8217;in d\u00fcn gece ve bu sabah L\u00fcbnan&#8217;daki k\u00f6y ve kasabalara y\u00f6nelik sald\u0131rganliklar\u0131n\u0131 s\u00fcrd\u00fcrmesi, bir ki\u015finin yaralanmas\u0131na ve \u00e7ok say\u0131da orman\u0131n yang\u0131na yol a\u00e7mas\u0131na neden oldu. L\u00fcbnan Ulusal Haber Ajans\u0131, \u201cL\u00fcbnan&#8217;\u0131n do\u011fusundaki s\u0131rada\u011flar\u0131n eteklerinin, El Hureyba kasabas\u0131n\u0131n eteklerindeki Nabi Sreij b\u00f6lgesini hedef alan havadan karaya f\u00fczelerle be\u015f d\u00fc\u015fman sald\u0131r\u0131s\u0131na maruz kalmas\u0131 sonucu bir &hellip;<\/p>\n","protected":false},"author":41,"featured_media":301863,"comment_status":"closed","ping_status":"closed","sticky":false,"template":"","format":"standard","meta":{"footnotes":""},"categories":[458,459,575,17988],"tags":[41435,38597],"class_list":["post-301862","post","type-post","status-publish","format-standard","has-post-thumbnail","","category-dunya1","category-haberler-arap-uluslararasi-politika","category-olaylar-ve-gercekler","category-son-haberler","tag-israil-dusmani-lubnan-topraklarina-saldirilarini-surduruyor","tag-lubnan-ulusal-haber-ajansi"],"_links":{"self":[{"href":"https:\/\/archive.sana.sy\/tr\/index.php?rest_route=\/wp\/v2\/posts\/301862","targetHints":{"allow":["GET"]}}],"collection":[{"href":"https:\/\/archive.sana.sy\/tr\/index.php?rest_route=\/wp\/v2\/posts"}],"about":[{"href":"https:\/\/archive.sana.sy\/tr\/index.php?rest_route=\/wp\/v2\/types\/post"}],"author":[{"embeddable":true,"href":"https:\/\/archive.sana.sy\/tr\/index.php?rest_route=\/wp\/v2\/users\/41"}],"replies":[{"embeddable":true,"href":"https:\/\/archive.sana.sy\/tr\/index.php?rest_route=%2Fwp%2Fv2%2Fcomments&post=301862"}],"version-history":[{"count":4,"href":"https:\/\/archive.sana.sy\/tr\/index.php?rest_route=\/wp\/v2\/posts\/301862\/revisions"}],"predecessor-version":[{"id":301876,"href":"https:\/\/archive.sana.sy\/tr\/index.php?rest_route=\/wp\/v2\/posts\/301862\/revisions\/301876"}],"wp:featuredmedia":[{"embeddable":true,"href":"https:\/\/archive.sana.sy\/tr\/index.php?rest_route=\/wp\/v2\/media\/301863"}],"wp:attachment":[{"href":"https:\/\/archive.sana.sy\/tr\/index.php?rest_route=%2Fwp%2Fv2%2Fmedia&parent=301862"}],"wp:term":[{"taxonomy":"category","embeddable":true,"href":"https:\/\/archive.sana.sy\/tr\/index.php?rest_route=%2Fwp%2Fv2%2Fcategories&post=301862"},{"taxonomy":"post_tag","embeddable":true,"href":"https:\/\/archive.sana.sy\/tr\/index.php?rest_route=%2Fwp%2Fv2%2Ftags&post=301862"}],"curies":[{"name":"wp","href":"https:\/\/api.w.org\/{rel}","templated":true}]}}