{"id":3019,"date":"2014-06-13T13:20:10","date_gmt":"2014-06-13T10:20:10","guid":{"rendered":"http:\/\/sanasyria.org\/tr\/?p=3019"},"modified":"2014-06-17T13:07:00","modified_gmt":"2014-06-17T10:07:00","slug":"teror-hamilerine-izin-vermeyecegiz","status":"publish","type":"post","link":"https:\/\/archive.sana.sy\/tr\/?p=3019","title":{"rendered":"Ter\u00f6r Hamilerine \u0130zin Vermeyece\u011fiz"},"content":{"rendered":"<p>TAHRAN \u2013 \u0130ran Cumhurba\u015fkan\u0131 Hasan Ruhani; \u2018Irak ve \u015eam \u0130slami Devleti\u2019 adl\u0131 tekfirci ter\u00f6r \u00f6rg\u00fct\u00fcn\u00fcn Irak\u2019ta bir\u00e7ok b\u00f6lgede bulundu\u011fu ter\u00f6r eylemleri kar\u015f\u0131s\u0131nda \u0130ran\u2019\u0131n devlet ve halk olarak Irak ile dayan\u0131\u015fmas\u0131n\u0131 ifade etti.<\/p>\n<p>Irak Ba\u015fbakan\u0131 Nuri el Maliki ile d\u00fcn bir telefon g\u00f6r\u00fc\u015fmesinde bulunan Ruhani; \u0130ran\u2019\u0131n ter\u00f6re kar\u015f\u0131 koymada b\u00f6lgesel ve uluslar aras\u0131 d\u00fczeyde t\u00fcm olanaklar\u0131n\u0131 seferber edece\u011fini s\u00f6yledi. Ruhani ter\u00f6r hamilerinin Irak\u2019a ter\u00f6rist g\u00f6ndermekle Irak\u2019\u0131n g\u00fcvenlik ve istikrar\u0131n\u0131 sabote etmelerine izin vermeyeceklerini belirtti.<\/p>\n","protected":false},"excerpt":{"rendered":"<p>TAHRAN \u2013 \u0130ran Cumhurba\u015fkan\u0131 Hasan Ruhani; \u2018Irak ve \u015eam \u0130slami Devleti\u2019 adl\u0131 tekfirci ter\u00f6r \u00f6rg\u00fct\u00fcn\u00fcn Irak\u2019ta bir\u00e7ok b\u00f6lgede bulundu\u011fu ter\u00f6r eylemleri kar\u015f\u0131s\u0131nda \u0130ran\u2019\u0131n devlet ve halk olarak Irak ile dayan\u0131\u015fmas\u0131n\u0131 ifade etti. Irak Ba\u015fbakan\u0131 Nuri el Maliki ile d\u00fcn bir telefon g\u00f6r\u00fc\u015fmesinde bulunan Ruhani; \u0130ran\u2019\u0131n ter\u00f6re kar\u015f\u0131 koymada b\u00f6lgesel ve uluslar aras\u0131 d\u00fczeyde t\u00fcm olanaklar\u0131n\u0131 &hellip;<\/p>\n","protected":false},"author":1,"featured_media":3017,"comment_status":"closed","ping_status":"closed","sticky":false,"template":"","format":"standard","meta":{"footnotes":""},"categories":[458,459,447,584],"tags":[668],"class_list":["post-3019","post","type-post","status-publish","format-standard","has-post-thumbnail","","category-dunya1","category-haberler-arap-uluslararasi-politika","category-politika","category-yurtdisinda-sana-ofisleri","tag-teror-hamilerine-izin-vermeyecegiz"],"_links":{"self":[{"href":"https:\/\/archive.sana.sy\/tr\/index.php?rest_route=\/wp\/v2\/posts\/3019","targetHints":{"allow":["GET"]}}],"collection":[{"href":"https:\/\/archive.sana.sy\/tr\/index.php?rest_route=\/wp\/v2\/posts"}],"about":[{"href":"https:\/\/archive.sana.sy\/tr\/index.php?rest_route=\/wp\/v2\/types\/post"}],"author":[{"embeddable":true,"href":"https:\/\/archive.sana.sy\/tr\/index.php?rest_route=\/wp\/v2\/users\/1"}],"replies":[{"embeddable":true,"href":"https:\/\/archive.sana.sy\/tr\/index.php?rest_route=%2Fwp%2Fv2%2Fcomments&post=3019"}],"version-history":[{"count":0,"href":"https:\/\/archive.sana.sy\/tr\/index.php?rest_route=\/wp\/v2\/posts\/3019\/revisions"}],"wp:featuredmedia":[{"embeddable":true,"href":"https:\/\/archive.sana.sy\/tr\/index.php?rest_route=\/wp\/v2\/media\/3017"}],"wp:attachment":[{"href":"https:\/\/archive.sana.sy\/tr\/index.php?rest_route=%2Fwp%2Fv2%2Fmedia&parent=3019"}],"wp:term":[{"taxonomy":"category","embeddable":true,"href":"https:\/\/archive.sana.sy\/tr\/index.php?rest_route=%2Fwp%2Fv2%2Fcategories&post=3019"},{"taxonomy":"post_tag","embeddable":true,"href":"https:\/\/archive.sana.sy\/tr\/index.php?rest_route=%2Fwp%2Fv2%2Ftags&post=3019"}],"curies":[{"name":"wp","href":"https:\/\/api.w.org\/{rel}","templated":true}]}}