{"id":302022,"date":"2024-05-20T09:05:00","date_gmt":"2024-05-20T06:05:00","guid":{"rendered":"https:\/\/sana.sy\/tr\/?p=302022"},"modified":"2024-05-21T10:50:08","modified_gmt":"2024-05-21T07:50:08","slug":"iran-cumhurbaskani-ve-beraberindeki-heyet-sehit-dustu","status":"publish","type":"post","link":"https:\/\/archive.sana.sy\/tr\/?p=302022","title":{"rendered":"\u0130ran Cumhurba\u015fkan\u0131 Ve Beraberindeki Heyet \u015eehit \u00a0D\u00fc\u015ft\u00fc"},"content":{"rendered":"<p style=\"text-align: justify;\"><strong>TAHRAN (SANA)<\/strong> \u2013 \u0130ran Haber Ajans\u0131 bu sabah, \u0130ran Cumhurba\u015fkan\u0131 \u0130brahim Reisi, D\u0131\u015fi\u015fleri Bakan\u0131 H\u00fcseyin Emir Abdullahiyan ve beraberindeki heyetteki di\u011fer \u00fcyelerin, i\u00e7inde bulunduklar\u0131 helikopterin Do\u011fu Azerbaycan ilinde d\u00fc\u015fmesi sonucu \u015fehit d\u00fc\u015ft\u00fcklerini duyurdu.<\/p>\n<p style=\"text-align: justify;\">Ajans \u015funlar\u0131 ekledi: &#8221;\u0130ran Bakanlar Kurulu, Cumhurba\u015fkan\u0131 Reisi ve D\u0131\u015fi\u015fleri Bakan\u0131&#8217;n\u0131n \u015fehadetinin ard\u0131ndan \u0130ran Cumhurba\u015fkan\u0131 Birinci Yard\u0131mc\u0131s\u0131 &#8220;Mohammad Muhber&#8221; ba\u015fkanl\u0131\u011f\u0131nda acil bir toplant\u0131 d\u00fczenledi.&#8221;<\/p>\n<p style=\"text-align: justify;\">\u0130ran Cumhurba\u015fkan\u0131, D\u0131\u015fi\u015fleri Bakan\u0131 ve \u00e7ok say\u0131da yetkiliyi ta\u015f\u0131yan helikopter, k\u00f6t\u00fc hava ko\u015fullar\u0131 nedeniyle \u0130ran&#8217;\u0131n kuzeybat\u0131s\u0131ndaki Do\u011fu Azerbaycan Eyaleti&#8217;ne acil ini\u015f yapm\u0131\u015ft\u0131.<\/p>\n<p style=\"text-align: center;\"><strong><a href=\"https:\/\/t.me\/SuriyeArapHaberAjansI\">Telegram Kanal\u0131m\u0131z\u00a0<\/a>||<a href=\"https:\/\/twitter.com\/arap_ajans\">X Platformumuz\u00a0<\/a>||<a href=\"https:\/\/www.facebook.com\/SANAHaberAjansi\/\">Facebook Sayfam\u0131z<\/a><\/strong><\/p>\n","protected":false},"excerpt":{"rendered":"<p>TAHRAN (SANA) \u2013 \u0130ran Haber Ajans\u0131 bu sabah, \u0130ran Cumhurba\u015fkan\u0131 \u0130brahim Reisi, D\u0131\u015fi\u015fleri Bakan\u0131 H\u00fcseyin Emir Abdullahiyan ve beraberindeki heyetteki di\u011fer \u00fcyelerin, i\u00e7inde bulunduklar\u0131 helikopterin Do\u011fu Azerbaycan ilinde d\u00fc\u015fmesi sonucu \u015fehit d\u00fc\u015ft\u00fcklerini duyurdu. Ajans \u015funlar\u0131 ekledi: &#8221;\u0130ran Bakanlar Kurulu, Cumhurba\u015fkan\u0131 Reisi ve D\u0131\u015fi\u015fleri Bakan\u0131&#8217;n\u0131n \u015fehadetinin ard\u0131ndan \u0130ran Cumhurba\u015fkan\u0131 Birinci Yard\u0131mc\u0131s\u0131 &#8220;Mohammad Muhber&#8221; ba\u015fkanl\u0131\u011f\u0131nda acil bir &hellip;<\/p>\n","protected":false},"author":39,"featured_media":302023,"comment_status":"closed","ping_status":"closed","sticky":false,"template":"","format":"standard","meta":{"footnotes":""},"categories":[458,459,17988],"tags":[],"class_list":["post-302022","post","type-post","status-publish","format-standard","has-post-thumbnail","","category-dunya1","category-haberler-arap-uluslararasi-politika","category-son-haberler"],"_links":{"self":[{"href":"https:\/\/archive.sana.sy\/tr\/index.php?rest_route=\/wp\/v2\/posts\/302022","targetHints":{"allow":["GET"]}}],"collection":[{"href":"https:\/\/archive.sana.sy\/tr\/index.php?rest_route=\/wp\/v2\/posts"}],"about":[{"href":"https:\/\/archive.sana.sy\/tr\/index.php?rest_route=\/wp\/v2\/types\/post"}],"author":[{"embeddable":true,"href":"https:\/\/archive.sana.sy\/tr\/index.php?rest_route=\/wp\/v2\/users\/39"}],"replies":[{"embeddable":true,"href":"https:\/\/archive.sana.sy\/tr\/index.php?rest_route=%2Fwp%2Fv2%2Fcomments&post=302022"}],"version-history":[{"count":3,"href":"https:\/\/archive.sana.sy\/tr\/index.php?rest_route=\/wp\/v2\/posts\/302022\/revisions"}],"predecessor-version":[{"id":302026,"href":"https:\/\/archive.sana.sy\/tr\/index.php?rest_route=\/wp\/v2\/posts\/302022\/revisions\/302026"}],"wp:featuredmedia":[{"embeddable":true,"href":"https:\/\/archive.sana.sy\/tr\/index.php?rest_route=\/wp\/v2\/media\/302023"}],"wp:attachment":[{"href":"https:\/\/archive.sana.sy\/tr\/index.php?rest_route=%2Fwp%2Fv2%2Fmedia&parent=302022"}],"wp:term":[{"taxonomy":"category","embeddable":true,"href":"https:\/\/archive.sana.sy\/tr\/index.php?rest_route=%2Fwp%2Fv2%2Fcategories&post=302022"},{"taxonomy":"post_tag","embeddable":true,"href":"https:\/\/archive.sana.sy\/tr\/index.php?rest_route=%2Fwp%2Fv2%2Ftags&post=302022"}],"curies":[{"name":"wp","href":"https:\/\/api.w.org\/{rel}","templated":true}]}}