{"id":302028,"date":"2024-05-20T09:18:39","date_gmt":"2024-05-20T06:18:39","guid":{"rendered":"https:\/\/sana.sy\/tr\/?p=302028"},"modified":"2024-05-21T10:50:15","modified_gmt":"2024-05-21T07:50:15","slug":"iran-hukumeti-sehit-reisinin-sanli-yuruyusu-devam-edecek","status":"publish","type":"post","link":"https:\/\/archive.sana.sy\/tr\/?p=302028","title":{"rendered":"\u0130ran H\u00fck\u00fcmeti: \u015eehit Reisi&#8217;nin \u015eanl\u0131 Y\u00fcr\u00fcy\u00fc\u015f\u00fc Devam Edecek"},"content":{"rendered":"<p style=\"text-align: justify;\"><strong>TAHRAN <\/strong><strong>(SANA)<\/strong> &#8211; \u0130ran \u0130slam Cumhuriyeti h\u00fck\u00fcmeti, \u0130ran Cumhurba\u015fkan\u0131 \u0130brahim Reisi ve D\u0131\u015fi\u015fleri Bakan\u0131 H\u00fcseyin Emir Abdullahiyan ve onlara e\u015flik eden di\u011fer heyet \u00fcyelerinin Do\u011fu Azerbaycan Eyaleti&#8217;nde seyahat ettikleri helikopterin d\u00fc\u015fmesi sonucu hayat\u0131n\u0131 kaybetmeleri nedeniyle taziyelerini iletti.<\/p>\n<p style=\"text-align: justify;\">\u0130ran h\u00fck\u00fcmeti, Cumhurba\u015fkan\u0131 Reisi&#8217;nin \u015fehadet haberinin a\u00e7\u0131klanmas\u0131n\u0131n ard\u0131ndan yapt\u0131\u011f\u0131 taziye a\u00e7\u0131klamas\u0131nda, \u201cSad\u0131k, minnettar ve aziz \u0130ran halk\u0131na, halk\u0131n hizmetkar\u0131 ve yorulmak bilmez liderli\u011fin sad\u0131k dostu kahraman \u015fehit Reisi&#8217;nin ruhu sayesinde gurur ve hizmet yolunun devam edece\u011fine dair g\u00fcvence veriyoruz. Cenab-\u0131 Hakk&#8217;\u0131n yard\u0131m\u0131yla ve b\u00fcy\u00fcklerin deste\u011fiyle, \u00fclkenin y\u00f6netiminde en ufak bir aksakl\u0131k, sorun olmayacakt\u0131r&#8221; dedi.<\/p>\n<p style=\"text-align: justify;\">\u0130ran h\u00fck\u00fcmeti ayr\u0131ca \u0130slam Devrimi Lideri Seyyid Ali Hamaney ve \u0130ran halk\u0131na taziyelerini sundu.<\/p>\n<p style=\"text-align: center;\"><strong><a href=\"https:\/\/t.me\/SuriyeArapHaberAjansI\">Telegram Kanal\u0131m\u0131z\u00a0<\/a>||<a href=\"https:\/\/twitter.com\/arap_ajans\">X Platformumuz\u00a0<\/a>||<a href=\"https:\/\/www.facebook.com\/SANAHaberAjansi\/\">Facebook Sayfam\u0131z<\/a><\/strong><\/p>\n","protected":false},"excerpt":{"rendered":"<p>TAHRAN (SANA) &#8211; \u0130ran \u0130slam Cumhuriyeti h\u00fck\u00fcmeti, \u0130ran Cumhurba\u015fkan\u0131 \u0130brahim Reisi ve D\u0131\u015fi\u015fleri Bakan\u0131 H\u00fcseyin Emir Abdullahiyan ve onlara e\u015flik eden di\u011fer heyet \u00fcyelerinin Do\u011fu Azerbaycan Eyaleti&#8217;nde seyahat ettikleri helikopterin d\u00fc\u015fmesi sonucu hayat\u0131n\u0131 kaybetmeleri nedeniyle taziyelerini iletti. \u0130ran h\u00fck\u00fcmeti, Cumhurba\u015fkan\u0131 Reisi&#8217;nin \u015fehadet haberinin a\u00e7\u0131klanmas\u0131n\u0131n ard\u0131ndan yapt\u0131\u011f\u0131 taziye a\u00e7\u0131klamas\u0131nda, \u201cSad\u0131k, minnettar ve aziz \u0130ran halk\u0131na, halk\u0131n &hellip;<\/p>\n","protected":false},"author":39,"featured_media":302031,"comment_status":"closed","ping_status":"closed","sticky":false,"template":"","format":"standard","meta":{"footnotes":""},"categories":[458,459,17988],"tags":[],"class_list":["post-302028","post","type-post","status-publish","format-standard","has-post-thumbnail","","category-dunya1","category-haberler-arap-uluslararasi-politika","category-son-haberler"],"_links":{"self":[{"href":"https:\/\/archive.sana.sy\/tr\/index.php?rest_route=\/wp\/v2\/posts\/302028","targetHints":{"allow":["GET"]}}],"collection":[{"href":"https:\/\/archive.sana.sy\/tr\/index.php?rest_route=\/wp\/v2\/posts"}],"about":[{"href":"https:\/\/archive.sana.sy\/tr\/index.php?rest_route=\/wp\/v2\/types\/post"}],"author":[{"embeddable":true,"href":"https:\/\/archive.sana.sy\/tr\/index.php?rest_route=\/wp\/v2\/users\/39"}],"replies":[{"embeddable":true,"href":"https:\/\/archive.sana.sy\/tr\/index.php?rest_route=%2Fwp%2Fv2%2Fcomments&post=302028"}],"version-history":[{"count":1,"href":"https:\/\/archive.sana.sy\/tr\/index.php?rest_route=\/wp\/v2\/posts\/302028\/revisions"}],"predecessor-version":[{"id":302030,"href":"https:\/\/archive.sana.sy\/tr\/index.php?rest_route=\/wp\/v2\/posts\/302028\/revisions\/302030"}],"wp:featuredmedia":[{"embeddable":true,"href":"https:\/\/archive.sana.sy\/tr\/index.php?rest_route=\/wp\/v2\/media\/302031"}],"wp:attachment":[{"href":"https:\/\/archive.sana.sy\/tr\/index.php?rest_route=%2Fwp%2Fv2%2Fmedia&parent=302028"}],"wp:term":[{"taxonomy":"category","embeddable":true,"href":"https:\/\/archive.sana.sy\/tr\/index.php?rest_route=%2Fwp%2Fv2%2Fcategories&post=302028"},{"taxonomy":"post_tag","embeddable":true,"href":"https:\/\/archive.sana.sy\/tr\/index.php?rest_route=%2Fwp%2Fv2%2Ftags&post=302028"}],"curies":[{"name":"wp","href":"https:\/\/api.w.org\/{rel}","templated":true}]}}