{"id":302066,"date":"2024-05-20T12:10:09","date_gmt":"2024-05-20T09:10:09","guid":{"rendered":"https:\/\/sana.sy\/tr\/?p=302066"},"modified":"2024-05-21T10:50:47","modified_gmt":"2024-05-21T07:50:47","slug":"rusya-devlet-baskani-iran-cumhurbaskani-ve-beraberindeki-heyetin-olumu-nedeniyle-hamaneye-bassagligi-diledi","status":"publish","type":"post","link":"https:\/\/archive.sana.sy\/tr\/?p=302066","title":{"rendered":"Rusya Devlet Ba\u015fkan\u0131, \u0130ran Cumhurba\u015fkan\u0131 Ve Beraberindeki Heyetin \u00d6l\u00fcm\u00fc Nedeniyle Hamaney&#8217;e Ba\u015fsa\u011fl\u0131\u011f\u0131 Diledi"},"content":{"rendered":"<p style=\"text-align: justify;\"><strong>MOSKOVA (SANA) \u2013<\/strong> Rusya Devlet Ba\u015fkan\u0131 Vladimir Putin, \u0130ran \u0130slam Devrimi Lideri Ali Hamaney&#8217;e, Cumhurba\u015fkan\u0131 \u0130brahim Reisi ve beraberindeki heyetin helikopter kazas\u0131nda hayat\u0131n\u0131 kaybetmesi nedeniyle taziyelerini iletti.<\/p>\n<p style=\"text-align: justify;\">Ba\u015fkan Putin, Kremlin&#8217;in resmi internet sitesinde yay\u0131nlanan telgraf\u0131nda, &#8220;\u0130ran halk\u0131n\u0131n ba\u015f\u0131na gelen b\u00fcy\u00fck trajedi ve \u0130ran Cumhurba\u015fkan\u0131 \u0130brahim Reisi ile baz\u0131 \u00fcst d\u00fczey devlet yetkililerinin \u00f6l\u00fcm\u00fcne neden olan hava felaketi nedeniyle derin taziyelerimizi sunuyoruz&#8221; dedi.<\/p>\n<p style=\"text-align: justify;\">Putin ayr\u0131ca , Ba\u015fkan \u0130brahim Reisi&#8217;nin \u00f6nde gelen bir siyaset\u00e7i oldu\u011funu, t\u00fcm ya\u015fam\u0131n\u0131 \u00fclkesine hizmet ederek ge\u00e7irdi\u011fini, hem vatanda\u015flar\u0131 aras\u0131nda hem de d\u00fcnya \u00e7ap\u0131nda sayg\u0131 duyulan bir ki\u015fi oldu\u011funu ve Rusya&#8217;n\u0131n sad\u0131k bir dostu olarak iki \u00fclke aras\u0131ndaki dostluk ili\u015fkilerinin g\u00fc\u00e7lendirilmesine paha bi\u00e7ilemez bir katk\u0131da bulundu\u011funu ve bunun i\u00e7in b\u00fcy\u00fck \u00e7aba sarf etti\u011fini, bu da ikili ili\u015fkilerin stratejik ortakl\u0131k d\u00fczeyine geli\u015fmesini sa\u011flad\u0131\u011f\u0131n\u0131 kaydetti.<\/p>\n<p style=\"text-align: justify;\">Rusya Devlet Ba\u015fkan\u0131 Putin, merhum cumhurba\u015fkan\u0131yla birka\u00e7 kez g\u00f6r\u00fc\u015ft\u00fc\u011f\u00fcne ve g\u00fczel an\u0131lar\u0131n\u0131n onda kalaca\u011f\u0131na i\u015faret ederek, merhum ba\u015fkan\u0131n ve beraberindeki heyetin t\u00fcm ailelerine ba\u015fsa\u011fl\u0131\u011f\u0131 diledi.<\/p>\n<p style=\"text-align: center;\"><strong><a href=\"https:\/\/t.me\/SuriyeArapHaberAjansI\">Telegram Kanal\u0131m\u0131z\u00a0<\/a>||<a href=\"https:\/\/twitter.com\/arap_ajans\">X Platformumuz\u00a0<\/a>||<a href=\"https:\/\/www.facebook.com\/SANAHaberAjansi\/\">Facebook Sayfam\u0131z<\/a><\/strong><\/p>\n","protected":false},"excerpt":{"rendered":"<p>MOSKOVA (SANA) \u2013 Rusya Devlet Ba\u015fkan\u0131 Vladimir Putin, \u0130ran \u0130slam Devrimi Lideri Ali Hamaney&#8217;e, Cumhurba\u015fkan\u0131 \u0130brahim Reisi ve beraberindeki heyetin helikopter kazas\u0131nda hayat\u0131n\u0131 kaybetmesi nedeniyle taziyelerini iletti. Ba\u015fkan Putin, Kremlin&#8217;in resmi internet sitesinde yay\u0131nlanan telgraf\u0131nda, &#8220;\u0130ran halk\u0131n\u0131n ba\u015f\u0131na gelen b\u00fcy\u00fck trajedi ve \u0130ran Cumhurba\u015fkan\u0131 \u0130brahim Reisi ile baz\u0131 \u00fcst d\u00fczey devlet yetkililerinin \u00f6l\u00fcm\u00fcne neden olan &hellip;<\/p>\n","protected":false},"author":39,"featured_media":302067,"comment_status":"closed","ping_status":"closed","sticky":false,"template":"","format":"standard","meta":{"footnotes":""},"categories":[458,459,17988],"tags":[41465,30082],"class_list":["post-302066","post","type-post","status-publish","format-standard","has-post-thumbnail","","category-dunya1","category-haberler-arap-uluslararasi-politika","category-son-haberler","tag-iran-cumhurbaskani-ve-beraberindeki-heyetin-olumu-nedeniyle-hamaneye-bassagligi-diledi","tag-rusya-devlet-baskani"],"_links":{"self":[{"href":"https:\/\/archive.sana.sy\/tr\/index.php?rest_route=\/wp\/v2\/posts\/302066","targetHints":{"allow":["GET"]}}],"collection":[{"href":"https:\/\/archive.sana.sy\/tr\/index.php?rest_route=\/wp\/v2\/posts"}],"about":[{"href":"https:\/\/archive.sana.sy\/tr\/index.php?rest_route=\/wp\/v2\/types\/post"}],"author":[{"embeddable":true,"href":"https:\/\/archive.sana.sy\/tr\/index.php?rest_route=\/wp\/v2\/users\/39"}],"replies":[{"embeddable":true,"href":"https:\/\/archive.sana.sy\/tr\/index.php?rest_route=%2Fwp%2Fv2%2Fcomments&post=302066"}],"version-history":[{"count":5,"href":"https:\/\/archive.sana.sy\/tr\/index.php?rest_route=\/wp\/v2\/posts\/302066\/revisions"}],"predecessor-version":[{"id":302098,"href":"https:\/\/archive.sana.sy\/tr\/index.php?rest_route=\/wp\/v2\/posts\/302066\/revisions\/302098"}],"wp:featuredmedia":[{"embeddable":true,"href":"https:\/\/archive.sana.sy\/tr\/index.php?rest_route=\/wp\/v2\/media\/302067"}],"wp:attachment":[{"href":"https:\/\/archive.sana.sy\/tr\/index.php?rest_route=%2Fwp%2Fv2%2Fmedia&parent=302066"}],"wp:term":[{"taxonomy":"category","embeddable":true,"href":"https:\/\/archive.sana.sy\/tr\/index.php?rest_route=%2Fwp%2Fv2%2Fcategories&post=302066"},{"taxonomy":"post_tag","embeddable":true,"href":"https:\/\/archive.sana.sy\/tr\/index.php?rest_route=%2Fwp%2Fv2%2Ftags&post=302066"}],"curies":[{"name":"wp","href":"https:\/\/api.w.org\/{rel}","templated":true}]}}