{"id":302074,"date":"2024-05-20T09:21:35","date_gmt":"2024-05-20T06:21:35","guid":{"rendered":"https:\/\/sana.sy\/tr\/?p=302074"},"modified":"2024-05-21T10:50:19","modified_gmt":"2024-05-21T07:50:19","slug":"samda-israilin-filistinli-esirlere-karsi-isledigi-suclari-kinayan-bir-protesto","status":"publish","type":"post","link":"https:\/\/archive.sana.sy\/tr\/?p=302074","title":{"rendered":"\u015eam&#8217;da \u0130srail&#8217;in Filistinli Esirlere Kar\u015f\u0131 \u0130\u015fledi\u011fi Su\u00e7lar\u0131 K\u0131nayan Bir Dayan\u0131\u015fma Duru\u015fu D\u00fczenlendi"},"content":{"rendered":"<p style=\"text-align: justify;\"><strong>\u015eAM (SANA) &#8211; <\/strong>Bir SANA muhabiri, bug\u00fcn Uluslararas\u0131 K\u0131z\u0131lha\u00e7 Komitesi heyetinin \u015eam&#8217;daki genel merkezi \u00f6n\u00fcnde, Siyonist i\u015fgalin hapishanelerdeki Filistinli esirlere kar\u015f\u0131 i\u015fledi\u011fi su\u00e7lar\u0131 k\u0131nayan bir dayan\u0131\u015fma duru\u015fu\u00a0 d\u00fczenlendi\u011fini bildirdi.<\/p>\n<p style=\"text-align: center;\"><strong><a href=\"https:\/\/t.me\/SuriyeArapHaberAjansI\">Telegram Kanal\u0131m\u0131z\u00a0<\/a>||<a href=\"https:\/\/twitter.com\/arap_ajans\">X Platformumuz\u00a0<\/a>||<a href=\"https:\/\/www.facebook.com\/SANAHaberAjansi\/\">Facebook Sayfam\u0131z<\/a><\/strong><\/p>\n","protected":false},"excerpt":{"rendered":"<p>\u015eAM (SANA) &#8211; Bir SANA muhabiri, bug\u00fcn Uluslararas\u0131 K\u0131z\u0131lha\u00e7 Komitesi heyetinin \u015eam&#8217;daki genel merkezi \u00f6n\u00fcnde, Siyonist i\u015fgalin hapishanelerdeki Filistinli esirlere kar\u015f\u0131 i\u015fledi\u011fi su\u00e7lar\u0131 k\u0131nayan bir dayan\u0131\u015fma duru\u015fu\u00a0 d\u00fczenlendi\u011fini bildirdi. Telegram Kanal\u0131m\u0131z\u00a0||X Platformumuz\u00a0||Facebook Sayfam\u0131z<\/p>\n","protected":false},"author":39,"featured_media":302075,"comment_status":"closed","ping_status":"closed","sticky":false,"template":"","format":"standard","meta":{"footnotes":""},"categories":[479,17988,478],"tags":[41459],"class_list":["post-302074","post","type-post","status-publish","format-standard","has-post-thumbnail","","category-haberler-yerel","category-son-haberler","category-yerel","tag-samda-israilin-filistinli-esirlere-karsi-isledigi-suclari-kinayan-bir-dayanisma-durusu-duzenlendi"],"_links":{"self":[{"href":"https:\/\/archive.sana.sy\/tr\/index.php?rest_route=\/wp\/v2\/posts\/302074","targetHints":{"allow":["GET"]}}],"collection":[{"href":"https:\/\/archive.sana.sy\/tr\/index.php?rest_route=\/wp\/v2\/posts"}],"about":[{"href":"https:\/\/archive.sana.sy\/tr\/index.php?rest_route=\/wp\/v2\/types\/post"}],"author":[{"embeddable":true,"href":"https:\/\/archive.sana.sy\/tr\/index.php?rest_route=\/wp\/v2\/users\/39"}],"replies":[{"embeddable":true,"href":"https:\/\/archive.sana.sy\/tr\/index.php?rest_route=%2Fwp%2Fv2%2Fcomments&post=302074"}],"version-history":[{"count":3,"href":"https:\/\/archive.sana.sy\/tr\/index.php?rest_route=\/wp\/v2\/posts\/302074\/revisions"}],"predecessor-version":[{"id":302083,"href":"https:\/\/archive.sana.sy\/tr\/index.php?rest_route=\/wp\/v2\/posts\/302074\/revisions\/302083"}],"wp:featuredmedia":[{"embeddable":true,"href":"https:\/\/archive.sana.sy\/tr\/index.php?rest_route=\/wp\/v2\/media\/302075"}],"wp:attachment":[{"href":"https:\/\/archive.sana.sy\/tr\/index.php?rest_route=%2Fwp%2Fv2%2Fmedia&parent=302074"}],"wp:term":[{"taxonomy":"category","embeddable":true,"href":"https:\/\/archive.sana.sy\/tr\/index.php?rest_route=%2Fwp%2Fv2%2Fcategories&post=302074"},{"taxonomy":"post_tag","embeddable":true,"href":"https:\/\/archive.sana.sy\/tr\/index.php?rest_route=%2Fwp%2Fv2%2Ftags&post=302074"}],"curies":[{"name":"wp","href":"https:\/\/api.w.org\/{rel}","templated":true}]}}