{"id":302080,"date":"2024-05-20T05:30:10","date_gmt":"2024-05-20T02:30:10","guid":{"rendered":"https:\/\/sana.sy\/tr\/?p=302080"},"modified":"2024-05-21T10:49:46","modified_gmt":"2024-05-21T07:49:46","slug":"cin-devlet-baskani-cumhurbaskanimin-olumu-nedeniyle-irana-bassagligi-diledi-iyi-bir-dostumuzu-kaybettik","status":"publish","type":"post","link":"https:\/\/archive.sana.sy\/tr\/?p=302080","title":{"rendered":"\u00c7in Devlet Ba\u015fkan\u0131, Cumhurba\u015fkan\u0131m\u0131n \u00d6l\u00fcm\u00fc Nedeniyle \u0130ran&#8217;a Ba\u015fsa\u011fl\u0131\u011f\u0131 Diledi: \u0130yi Bir Dostumuzu Kaybettik"},"content":{"rendered":"<p style=\"text-align: justify;\"><strong>PEK\u0130N (SANA) &#8211;<\/strong>\u00a0 \u00c7in Cumhurba\u015fkan\u0131 Xi Jinping, \u0130ran Cumhurba\u015fkan\u0131 \u0130brahim Raisi ve beraberindekilerin \u00f6l\u00fcm\u00fc nedeniyle taziyelerini iletti.<\/p>\n<p style=\"text-align: justify;\">Xinhua haber ajans\u0131, \u00c7in D\u0131\u015fi\u015fleri Bakanl\u0131\u011f\u0131 s\u00f6zc\u00fcs\u00fc Wang Wenbin&#8217;in bug\u00fcn \u015funlar\u0131 s\u00f6yledi\u011fini aktard\u0131: \u2018\u2019Ba\u015fkan Xi, \u0130ran cumhurba\u015fkan\u0131n\u0131n \u00f6l\u00fcm\u00fc nedeniyle derin taziyelerini dile getirdi.\u2019\u2019<\/p>\n<p style=\"text-align: justify;\">Wenbin ayr\u0131ca, \u00a0&#8220;Onun trajik \u00f6l\u00fcm\u00fc \u0130ran halk\u0131 i\u00e7in b\u00fcy\u00fck bir kay\u0131pt\u0131r ve \u00c7in halk\u0131 iyi bir dostunu kaybetmi\u015ftir&#8221; ifadelerini kulland\u0131.<\/p>\n<p style=\"text-align: center;\"><strong><a href=\"https:\/\/t.me\/SuriyeArapHaberAjansI\">Telegram Kanal\u0131m\u0131z\u00a0<\/a>||<a href=\"https:\/\/twitter.com\/arap_ajans\">X Platformumuz\u00a0<\/a>||<a href=\"https:\/\/www.facebook.com\/SANAHaberAjansi\/\">Facebook Sayfam\u0131z<\/a><\/strong><\/p>\n","protected":false},"excerpt":{"rendered":"<p>PEK\u0130N (SANA) &#8211;\u00a0 \u00c7in Cumhurba\u015fkan\u0131 Xi Jinping, \u0130ran Cumhurba\u015fkan\u0131 \u0130brahim Raisi ve beraberindekilerin \u00f6l\u00fcm\u00fc nedeniyle taziyelerini iletti. Xinhua haber ajans\u0131, \u00c7in D\u0131\u015fi\u015fleri Bakanl\u0131\u011f\u0131 s\u00f6zc\u00fcs\u00fc Wang Wenbin&#8217;in bug\u00fcn \u015funlar\u0131 s\u00f6yledi\u011fini aktard\u0131: \u2018\u2019Ba\u015fkan Xi, \u0130ran cumhurba\u015fkan\u0131n\u0131n \u00f6l\u00fcm\u00fc nedeniyle derin taziyelerini dile getirdi.\u2019\u2019 Wenbin ayr\u0131ca, \u00a0&#8220;Onun trajik \u00f6l\u00fcm\u00fc \u0130ran halk\u0131 i\u00e7in b\u00fcy\u00fck bir kay\u0131pt\u0131r ve \u00c7in halk\u0131 iyi &hellip;<\/p>\n","protected":false},"author":41,"featured_media":302081,"comment_status":"closed","ping_status":"closed","sticky":false,"template":"","format":"standard","meta":{"footnotes":""},"categories":[458,459,17988],"tags":[41457,41458],"class_list":["post-302080","post","type-post","status-publish","format-standard","has-post-thumbnail","","category-dunya1","category-haberler-arap-uluslararasi-politika","category-son-haberler","tag-cin-devlet-baskani","tag-cumhurbaskanimin-olumu-nedeniyle-irana-bassagligi-diledi-iyi-bir-dostumuzu-kaybettik"],"_links":{"self":[{"href":"https:\/\/archive.sana.sy\/tr\/index.php?rest_route=\/wp\/v2\/posts\/302080","targetHints":{"allow":["GET"]}}],"collection":[{"href":"https:\/\/archive.sana.sy\/tr\/index.php?rest_route=\/wp\/v2\/posts"}],"about":[{"href":"https:\/\/archive.sana.sy\/tr\/index.php?rest_route=\/wp\/v2\/types\/post"}],"author":[{"embeddable":true,"href":"https:\/\/archive.sana.sy\/tr\/index.php?rest_route=\/wp\/v2\/users\/41"}],"replies":[{"embeddable":true,"href":"https:\/\/archive.sana.sy\/tr\/index.php?rest_route=%2Fwp%2Fv2%2Fcomments&post=302080"}],"version-history":[{"count":1,"href":"https:\/\/archive.sana.sy\/tr\/index.php?rest_route=\/wp\/v2\/posts\/302080\/revisions"}],"predecessor-version":[{"id":302082,"href":"https:\/\/archive.sana.sy\/tr\/index.php?rest_route=\/wp\/v2\/posts\/302080\/revisions\/302082"}],"wp:featuredmedia":[{"embeddable":true,"href":"https:\/\/archive.sana.sy\/tr\/index.php?rest_route=\/wp\/v2\/media\/302081"}],"wp:attachment":[{"href":"https:\/\/archive.sana.sy\/tr\/index.php?rest_route=%2Fwp%2Fv2%2Fmedia&parent=302080"}],"wp:term":[{"taxonomy":"category","embeddable":true,"href":"https:\/\/archive.sana.sy\/tr\/index.php?rest_route=%2Fwp%2Fv2%2Fcategories&post=302080"},{"taxonomy":"post_tag","embeddable":true,"href":"https:\/\/archive.sana.sy\/tr\/index.php?rest_route=%2Fwp%2Fv2%2Ftags&post=302080"}],"curies":[{"name":"wp","href":"https:\/\/api.w.org\/{rel}","templated":true}]}}