{"id":302184,"date":"2024-05-22T09:05:40","date_gmt":"2024-05-22T06:05:40","guid":{"rendered":"https:\/\/sana.sy\/tr\/?p=302184"},"modified":"2024-05-24T08:59:48","modified_gmt":"2024-05-24T05:59:48","slug":"aksa-tufani-operasyonu-bugunun-en-one-cikan-gelismeleri-142","status":"publish","type":"post","link":"https:\/\/archive.sana.sy\/tr\/?p=302184","title":{"rendered":"Aksa Tufan\u0131 Operasyonu\u2026 Bug\u00fcn\u00fcn En \u00d6ne \u00c7\u0131kan Geli\u015fmeleri"},"content":{"rendered":"<p><strong>\u0130\u015eGAL ED\u0130LEN KUD\u00dcS (SANA) \u2013\u00a0<\/strong>Filistin direni\u015finin i\u015fgalci \u0130srail\u2019in sald\u0131rganl\u0131\u011f\u0131na yan\u0131t olarak 7 Ekim\u2019de ba\u015flatt\u0131\u011f\u0131 Aksa Tufan\u0131 Operasyonu\u2019nda \u00f6ne \u00e7\u0131kan geli\u015fmeler:<\/p>\n<ul>\n<li>Filistin direni\u015fi, Filistin halk\u0131na kar\u015f\u0131 devam eden su\u00e7lar\u0131na yan\u0131t olarak \u0130srailli d\u00fc\u015fman\u0131 &#8220;Zikim&#8221; askeri \u00fcss\u00fcnde ve i\u015fgal alt\u0131ndaki A\u015fkelon kentinde f\u00fcze bombard\u0131man\u0131yla hedef ald\u0131.<\/li>\n<li>Filistin direni\u015fi, Gazze \u015eeridi&#8217;nin g\u00fcneyindeki Refah \u015fehrinin g\u00fcneydo\u011fusunda, \u0130srail&#8217;e ait d\u00fc\u015fman Merkava tank\u0131n\u0131 &#8220;El Yassin 105&#8221; toplar\u0131yla imha etti.<\/li>\n<li>Filistin direni\u015fi: Sava\u015f\u00e7\u0131lar\u0131m\u0131z, Gazze \u015eeridi&#8217;nin kuzeyindeki Beyt Hanun&#8217;da pusu kurarak iki \u0130srail i\u015fgal g\u00fcc\u00fc \u00fcyesini \u00f6ld\u00fcrd\u00fc ve yaralad\u0131.<\/li>\n<li><span style=\"color: #0000ff;\"><a style=\"color: #0000ff;\" href=\"https:\/\/www.sana.sy\/tr\/?p=302191\">\u0130srail\u2019in Gazze\u2019ye Y\u00f6nelik Sald\u0131rganl\u0131\u011f\u0131n\u0131n 229\u2019uncu G\u00fcn\u00fcnde Onlarca Filistinli \u015eehit D\u00fc\u015ft\u00fc Ve Yaraland\u0131<\/a><\/span><\/li>\n<li>Filistin direni\u015fi, Gazze \u015eeridi&#8217;nin g\u00fcneyindeki Refah \u015fehrinin g\u00fcneydo\u011fusunda, &#8220;Tandum&#8221; toplar\u0131yla Siyonist d\u00fc\u015fman asker ta\u015f\u0131y\u0131c\u0131s\u0131n\u0131 hedef ald\u0131.<\/li>\n<li>Filistin direni\u015fi, Gazze \u015eeridi&#8217;nin g\u00fcneyindeki Refah \u015fehrinin g\u00fcneydo\u011fusundaki El Brezil mahallesinde iki \u0130srail i\u015fgal askeri buldozerini hedef ald\u0131.<\/li>\n<li>Filistin medyas\u0131: \u0130srail i\u015fgal u\u00e7aklar\u0131n\u0131n Gazze \u015eeridi&#8217;nin merkezindeki El Zeveyde kasabas\u0131nda yerinden edilmi\u015f insanlar\u0131n bir araya geldi\u011fi bir toplant\u0131y\u0131 bombalamas\u0131 sonucu \u00e7o\u011fu \u00e7ocuk 10 \u015fehit.<\/li>\n<\/ul>\n<p style=\"text-align: center;\"><strong><a href=\"https:\/\/t.me\/SuriyeArapHaberAjansI\">Telegram Kanal\u0131m\u0131z\u00a0<\/a>||<a href=\"https:\/\/twitter.com\/arap_ajans\">X Platformumuz\u00a0<\/a>||<a href=\"https:\/\/www.facebook.com\/SANAHaberAjansi\/\">Facebook Sayfam\u0131z<\/a><\/strong><\/p>\n","protected":false},"excerpt":{"rendered":"<p>\u0130\u015eGAL ED\u0130LEN KUD\u00dcS (SANA) \u2013\u00a0Filistin direni\u015finin i\u015fgalci \u0130srail\u2019in sald\u0131rganl\u0131\u011f\u0131na yan\u0131t olarak 7 Ekim\u2019de ba\u015flatt\u0131\u011f\u0131 Aksa Tufan\u0131 Operasyonu\u2019nda \u00f6ne \u00e7\u0131kan geli\u015fmeler: Filistin direni\u015fi, Filistin halk\u0131na kar\u015f\u0131 devam eden su\u00e7lar\u0131na yan\u0131t olarak \u0130srailli d\u00fc\u015fman\u0131 &#8220;Zikim&#8221; askeri \u00fcss\u00fcnde ve i\u015fgal alt\u0131ndaki A\u015fkelon kentinde f\u00fcze bombard\u0131man\u0131yla hedef ald\u0131. Filistin direni\u015fi, Gazze \u015eeridi&#8217;nin g\u00fcneyindeki Refah \u015fehrinin g\u00fcneydo\u011fusunda, \u0130srail&#8217;e ait d\u00fc\u015fman &hellip;<\/p>\n","protected":false},"author":39,"featured_media":302185,"comment_status":"closed","ping_status":"closed","sticky":false,"template":"","format":"standard","meta":{"footnotes":""},"categories":[458,459,17988],"tags":[],"class_list":["post-302184","post","type-post","status-publish","format-standard","has-post-thumbnail","","category-dunya1","category-haberler-arap-uluslararasi-politika","category-son-haberler"],"_links":{"self":[{"href":"https:\/\/archive.sana.sy\/tr\/index.php?rest_route=\/wp\/v2\/posts\/302184","targetHints":{"allow":["GET"]}}],"collection":[{"href":"https:\/\/archive.sana.sy\/tr\/index.php?rest_route=\/wp\/v2\/posts"}],"about":[{"href":"https:\/\/archive.sana.sy\/tr\/index.php?rest_route=\/wp\/v2\/types\/post"}],"author":[{"embeddable":true,"href":"https:\/\/archive.sana.sy\/tr\/index.php?rest_route=\/wp\/v2\/users\/39"}],"replies":[{"embeddable":true,"href":"https:\/\/archive.sana.sy\/tr\/index.php?rest_route=%2Fwp%2Fv2%2Fcomments&post=302184"}],"version-history":[{"count":4,"href":"https:\/\/archive.sana.sy\/tr\/index.php?rest_route=\/wp\/v2\/posts\/302184\/revisions"}],"predecessor-version":[{"id":302196,"href":"https:\/\/archive.sana.sy\/tr\/index.php?rest_route=\/wp\/v2\/posts\/302184\/revisions\/302196"}],"wp:featuredmedia":[{"embeddable":true,"href":"https:\/\/archive.sana.sy\/tr\/index.php?rest_route=\/wp\/v2\/media\/302185"}],"wp:attachment":[{"href":"https:\/\/archive.sana.sy\/tr\/index.php?rest_route=%2Fwp%2Fv2%2Fmedia&parent=302184"}],"wp:term":[{"taxonomy":"category","embeddable":true,"href":"https:\/\/archive.sana.sy\/tr\/index.php?rest_route=%2Fwp%2Fv2%2Fcategories&post=302184"},{"taxonomy":"post_tag","embeddable":true,"href":"https:\/\/archive.sana.sy\/tr\/index.php?rest_route=%2Fwp%2Fv2%2Ftags&post=302184"}],"curies":[{"name":"wp","href":"https:\/\/api.w.org\/{rel}","templated":true}]}}