{"id":302188,"date":"2024-05-22T09:24:47","date_gmt":"2024-05-22T06:24:47","guid":{"rendered":"https:\/\/sana.sy\/tr\/?p=302188"},"modified":"2024-05-26T11:24:51","modified_gmt":"2024-05-26T08:24:51","slug":"sehit-reisi-ve-arkadaslarinin-tahran-universitesinde-veda-toreni-basladi","status":"publish","type":"post","link":"https:\/\/archive.sana.sy\/tr\/?p=302188","title":{"rendered":"\u015eehit Reisi Ve Arkada\u015flar\u0131n\u0131n Tahran \u00dcniversitesi&#8217;nde Veda T\u00f6reni Ba\u015flad\u0131"},"content":{"rendered":"<p style=\"text-align: justify;\"><strong>TAHRAN (SANA)<\/strong> \u2013 \u0130ran Cumhurba\u015fkan\u0131 \u0130brahim Reisi ve arkada\u015flar\u0131n\u0131n bu sabah Tahran \u00dcniversitesi&#8217;nde b\u00f6lgesel ve uluslararas\u0131 heyetlerin kat\u0131l\u0131m\u0131yla veda t\u00f6reni ba\u015flad\u0131.<\/p>\n<p style=\"text-align: justify;\">Cenaze t\u00f6renine kat\u0131lmak i\u00e7in y\u00fcz binlerce ki\u015fi \u00fcniversite meydanlar\u0131 ve \u00e7evresinde toplanarak, \u0130ran \u0130slam Devrimi Lideri Say\u0131n Ali Hamaney&#8217;in, \u015fehitlerin naa\u015flar\u0131n\u0131 Tahran \u00dcniversitesi&#8217;nden Azadi Meydan\u0131&#8217;na nakletmeden \u00f6nce ba\u015f\u0131nda namaz k\u0131ld\u0131rmas\u0131 planlan\u0131yor.<\/p>\n<p style=\"text-align: justify;\">Tebriz\u2019deki ilk veda dura\u011f\u0131n\u0131n ard\u0131ndan ba\u015fkent Tahran\u2019\u0131n g\u00fcneyindeki Kum kentinde de \u015fehitler, naa\u015flar\u0131 ba\u015fkent Tahran\u2019a nakledilmeden \u00f6nce ba\u015fkanl\u0131k helikopteriyle u\u011furland\u0131. G\u00fcney Horasan Eyaleti\u2019nin merkezi Birjand \u015fehrinde veda t\u00f6reni d\u00fczenlenecek. Ard\u0131ndan do\u011fdu\u011fu yer olan Me\u015fhed \u015fehrinde ebedi istirahatgah\u0131na defnedilmesi i\u00e7in bir t\u00f6ren daha yap\u0131lacak.<\/p>\n<p style=\"text-align: center;\"><strong><a href=\"https:\/\/t.me\/SuriyeArapHaberAjansI\">Telegram Kanal\u0131m\u0131z\u00a0<\/a>||<a href=\"https:\/\/twitter.com\/arap_ajans\">X Platformumuz\u00a0<\/a>||<a href=\"https:\/\/www.facebook.com\/SANAHaberAjansi\/\">Facebook Sayfam\u0131z<\/a><\/strong><\/p>\n","protected":false},"excerpt":{"rendered":"<p>TAHRAN (SANA) \u2013 \u0130ran Cumhurba\u015fkan\u0131 \u0130brahim Reisi ve arkada\u015flar\u0131n\u0131n bu sabah Tahran \u00dcniversitesi&#8217;nde b\u00f6lgesel ve uluslararas\u0131 heyetlerin kat\u0131l\u0131m\u0131yla veda t\u00f6reni ba\u015flad\u0131. Cenaze t\u00f6renine kat\u0131lmak i\u00e7in y\u00fcz binlerce ki\u015fi \u00fcniversite meydanlar\u0131 ve \u00e7evresinde toplanarak, \u0130ran \u0130slam Devrimi Lideri Say\u0131n Ali Hamaney&#8217;in, \u015fehitlerin naa\u015flar\u0131n\u0131 Tahran \u00dcniversitesi&#8217;nden Azadi Meydan\u0131&#8217;na nakletmeden \u00f6nce ba\u015f\u0131nda namaz k\u0131ld\u0131rmas\u0131 planlan\u0131yor. Tebriz\u2019deki ilk veda &hellip;<\/p>\n","protected":false},"author":39,"featured_media":302189,"comment_status":"closed","ping_status":"closed","sticky":false,"template":"","format":"standard","meta":{"footnotes":""},"categories":[458,459,17988],"tags":[],"class_list":["post-302188","post","type-post","status-publish","format-standard","has-post-thumbnail","","category-dunya1","category-haberler-arap-uluslararasi-politika","category-son-haberler"],"_links":{"self":[{"href":"https:\/\/archive.sana.sy\/tr\/index.php?rest_route=\/wp\/v2\/posts\/302188","targetHints":{"allow":["GET"]}}],"collection":[{"href":"https:\/\/archive.sana.sy\/tr\/index.php?rest_route=\/wp\/v2\/posts"}],"about":[{"href":"https:\/\/archive.sana.sy\/tr\/index.php?rest_route=\/wp\/v2\/types\/post"}],"author":[{"embeddable":true,"href":"https:\/\/archive.sana.sy\/tr\/index.php?rest_route=\/wp\/v2\/users\/39"}],"replies":[{"embeddable":true,"href":"https:\/\/archive.sana.sy\/tr\/index.php?rest_route=%2Fwp%2Fv2%2Fcomments&post=302188"}],"version-history":[{"count":1,"href":"https:\/\/archive.sana.sy\/tr\/index.php?rest_route=\/wp\/v2\/posts\/302188\/revisions"}],"predecessor-version":[{"id":302190,"href":"https:\/\/archive.sana.sy\/tr\/index.php?rest_route=\/wp\/v2\/posts\/302188\/revisions\/302190"}],"wp:featuredmedia":[{"embeddable":true,"href":"https:\/\/archive.sana.sy\/tr\/index.php?rest_route=\/wp\/v2\/media\/302189"}],"wp:attachment":[{"href":"https:\/\/archive.sana.sy\/tr\/index.php?rest_route=%2Fwp%2Fv2%2Fmedia&parent=302188"}],"wp:term":[{"taxonomy":"category","embeddable":true,"href":"https:\/\/archive.sana.sy\/tr\/index.php?rest_route=%2Fwp%2Fv2%2Fcategories&post=302188"},{"taxonomy":"post_tag","embeddable":true,"href":"https:\/\/archive.sana.sy\/tr\/index.php?rest_route=%2Fwp%2Fv2%2Ftags&post=302188"}],"curies":[{"name":"wp","href":"https:\/\/api.w.org\/{rel}","templated":true}]}}